{"id":2375,"date":"2020-04-19T12:03:28","date_gmt":"2020-04-19T10:03:28","guid":{"rendered":"http:\/\/agora.xtec.cat\/ceiplasinia\/?p=2375"},"modified":"2020-04-20T10:52:54","modified_gmt":"2020-04-20T08:52:54","slug":"sant-jordi-mes-propostes","status":"publish","type":"post","link":"https:\/\/agora.xtec.cat\/ceiplasinia\/infantil\/sant-jordi-mes-propostes\/","title":{"rendered":"Sant Jordi: m\u00e9s propostes&#8230;"},"content":{"rendered":"<p>Hola fam\u00edlies,<\/p>\n<p>ens van arribant moltes propostes per celebrar aquest Sant Jordi en confinament. Creiem que poden ser bones iniciatives per fer-les al llarg d&#8217;aquesta setmana i no oblidar-nos de la gran diada del llibre.<\/p>\n<p>Des de l&#8217;Ajuntament ens arriba el seg\u00fcent programa:<\/p>\n<p><a href=\"https:\/\/agora.xtec.cat\/ceiplasinia\/wp-content\/uploads\/usu1221\/2020\/04\/Programa-ajuntament.jpg\"><img loading=\"lazy\" decoding=\"async\" class=\"alignnone wp-image-2382 size-medium\" src=\"https:\/\/agora.xtec.cat\/ceiplasinia\/wp-content\/uploads\/usu1221\/2020\/04\/Programa-ajuntament-212x300.jpg\" alt=\"\" width=\"212\" height=\"300\" srcset=\"https:\/\/agora.xtec.cat\/ceiplasinia\/wp-content\/uploads\/usu1221\/2020\/04\/Programa-ajuntament-212x300.jpg 212w, https:\/\/agora.xtec.cat\/ceiplasinia\/wp-content\/uploads\/usu1221\/2020\/04\/Programa-ajuntament-768x1086.jpg 768w, https:\/\/agora.xtec.cat\/ceiplasinia\/wp-content\/uploads\/usu1221\/2020\/04\/Programa-ajuntament-724x1024.jpg 724w, https:\/\/agora.xtec.cat\/ceiplasinia\/wp-content\/uploads\/usu1221\/2020\/04\/Programa-ajuntament.jpg 1131w\" sizes=\"auto, (max-width: 212px) 100vw, 212px\" \/><\/a><\/p>\n<p>Des d&#8217;\u00d2mnium Baix Empord\u00e0 ens arriben aquestes dues propostes:<\/p>\n<p><a href=\"https:\/\/agora.xtec.cat\/ceiplasinia\/wp-content\/uploads\/usu1221\/2020\/04\/Copia-de-SANT-JORDI-2020.jpg\"><img loading=\"lazy\" decoding=\"async\" class=\"alignnone wp-image-2378 size-medium\" src=\"https:\/\/agora.xtec.cat\/ceiplasinia\/wp-content\/uploads\/usu1221\/2020\/04\/Copia-de-SANT-JORDI-2020-300x150.jpg\" alt=\"\" width=\"300\" height=\"150\" srcset=\"https:\/\/agora.xtec.cat\/ceiplasinia\/wp-content\/uploads\/usu1221\/2020\/04\/Copia-de-SANT-JORDI-2020-300x150.jpg 300w, https:\/\/agora.xtec.cat\/ceiplasinia\/wp-content\/uploads\/usu1221\/2020\/04\/Copia-de-SANT-JORDI-2020-768x384.jpg 768w, https:\/\/agora.xtec.cat\/ceiplasinia\/wp-content\/uploads\/usu1221\/2020\/04\/Copia-de-SANT-JORDI-2020.jpg 1024w\" sizes=\"auto, (max-width: 300px) 100vw, 300px\" \/>\u00a0\u00a0\u00a0\u00a0 <\/a><a href=\"https:\/\/agora.xtec.cat\/ceiplasinia\/wp-content\/uploads\/usu1221\/2020\/04\/2.jpg\"><img loading=\"lazy\" decoding=\"async\" class=\"alignnone wp-image-2376 size-medium\" src=\"https:\/\/agora.xtec.cat\/ceiplasinia\/wp-content\/uploads\/usu1221\/2020\/04\/2-300x150.jpg\" alt=\"\" width=\"300\" height=\"150\" srcset=\"https:\/\/agora.xtec.cat\/ceiplasinia\/wp-content\/uploads\/usu1221\/2020\/04\/2-300x150.jpg 300w, https:\/\/agora.xtec.cat\/ceiplasinia\/wp-content\/uploads\/usu1221\/2020\/04\/2-768x384.jpg 768w, https:\/\/agora.xtec.cat\/ceiplasinia\/wp-content\/uploads\/usu1221\/2020\/04\/2.jpg 1024w\" sizes=\"auto, (max-width: 300px) 100vw, 300px\" \/><\/a><\/p>\n<p>I des de la Casa Batll\u00f3,, aquesta altra que us pot servir tamb\u00e9 d&#8217;inspiraci\u00f3:<\/p>\n<p><a href=\"https:\/\/www.casabatllo.es\/ca\/novetats\/sant-jordi-2020\/\" target=\"_blank\" rel=\"noopener noreferrer\"><img loading=\"lazy\" decoding=\"async\" class=\"alignnone wp-image-2377 size-medium\" src=\"https:\/\/agora.xtec.cat\/ceiplasinia\/wp-content\/uploads\/usu1221\/2020\/04\/Casa-Batll\u00f3-300x122.jpg\" alt=\"\" width=\"300\" height=\"122\" srcset=\"https:\/\/agora.xtec.cat\/ceiplasinia\/wp-content\/uploads\/usu1221\/2020\/04\/Casa-Batll\u00f3-300x122.jpg 300w, https:\/\/agora.xtec.cat\/ceiplasinia\/wp-content\/uploads\/usu1221\/2020\/04\/Casa-Batll\u00f3.jpg 600w\" sizes=\"auto, (max-width: 300px) 100vw, 300px\" \/><\/a><\/p>\n","protected":false},"excerpt":{"rendered":"<p>Hola fam\u00edlies,<br \/>\nens van arribant moltes propostes per celebrar aquest Sant Jordi en confinament. Creiem que poden ser bones iniciatives per fer-les al llarg d&#8217;aquesta setmana i no oblidar-nos de la gran diada del llibre.<br \/>\nDes de l&#8217;Ajuntament ens arriba el seg\u00fcent programa:<br \/>\n<a href=\"https:\/\/agora.xtec.cat\/ceiplasinia\/wp-content\/uploads\/usu1221\/2020\/04\/Programa-ajuntament.jpg\"><\/a><br \/>\nDes d&#8217;\u00d2mnium Baix Empord\u00e0&hellip;  <a href=\"https:\/\/agora.xtec.cat\/ceiplasinia\/infantil\/sant-jordi-mes-propostes\/\" title=\"Read Sant Jordi: m\u00e9s propostes&#8230;\">Llegeix m\u00e9s\u00bb<\/a><\/p>\n","protected":false},"author":4,"featured_media":0,"comment_status":"open","ping_status":"closed","sticky":false,"template":"","format":"standard","meta":{"_bbp_topic_count":0,"_bbp_reply_count":0,"_bbp_total_topic_count":0,"_bbp_total_reply_count":0,"_bbp_voice_count":0,"_bbp_anonymous_reply_count":0,"_bbp_topic_count_hidden":0,"_bbp_reply_count_hidden":0,"_bbp_forum_subforum_count":0,"footnotes":""},"categories":[32,2,4,5],"tags":[363,508,509,362,507],"class_list":["post-2375","post","type-post","status-publish","format-standard","hentry","category-festes","category-infantil","category-portada","category-primaria","tag-diada","tag-dracs","tag-poesia","tag-roses","tag-sant-jotdi"],"post_mailing_queue_ids":[],"_links":{"self":[{"href":"https:\/\/agora.xtec.cat\/ceiplasinia\/wp-json\/wp\/v2\/posts\/2375","targetHints":{"allow":["GET"]}}],"collection":[{"href":"https:\/\/agora.xtec.cat\/ceiplasinia\/wp-json\/wp\/v2\/posts"}],"about":[{"href":"https:\/\/agora.xtec.cat\/ceiplasinia\/wp-json\/wp\/v2\/types\/post"}],"author":[{"embeddable":true,"href":"https:\/\/agora.xtec.cat\/ceiplasinia\/wp-json\/wp\/v2\/users\/4"}],"replies":[{"embeddable":true,"href":"https:\/\/agora.xtec.cat\/ceiplasinia\/wp-json\/wp\/v2\/comments?post=2375"}],"version-history":[{"count":3,"href":"https:\/\/agora.xtec.cat\/ceiplasinia\/wp-json\/wp\/v2\/posts\/2375\/revisions"}],"predecessor-version":[{"id":2383,"href":"https:\/\/agora.xtec.cat\/ceiplasinia\/wp-json\/wp\/v2\/posts\/2375\/revisions\/2383"}],"wp:attachment":[{"href":"https:\/\/agora.xtec.cat\/ceiplasinia\/wp-json\/wp\/v2\/media?parent=2375"}],"wp:term":[{"taxonomy":"category","embeddable":true,"href":"https:\/\/agora.xtec.cat\/ceiplasinia\/wp-json\/wp\/v2\/categories?post=2375"},{"taxonomy":"post_tag","embeddable":true,"href":"https:\/\/agora.xtec.cat\/ceiplasinia\/wp-json\/wp\/v2\/tags?post=2375"}],"curies":[{"name":"wp","href":"https:\/\/api.w.org\/{rel}","templated":true}]}}