{"id":2579,"date":"2026-04-29T12:38:23","date_gmt":"2026-04-29T10:38:23","guid":{"rendered":"https:\/\/agora.xtec.cat\/ceiplarouredasabadell\/?p=2579"},"modified":"2026-04-29T12:38:23","modified_gmt":"2026-04-29T10:38:23","slug":"preinscripcio-2026-2027-3","status":"publish","type":"post","link":"https:\/\/agora.xtec.cat\/ceiplarouredasabadell\/general\/preinscripcio-2026-2027-3\/","title":{"rendered":"Preinscripci\u00f3 2026 &#8211; 2027"},"content":{"rendered":"<h5><\/h5>\n<p><img loading=\"lazy\" decoding=\"async\" class=\"aligncenter size-full wp-image-2521\" src=\"https:\/\/agora.xtec.cat\/ceiplarouredasabadell\/wp-content\/uploads\/usu2401\/2026\/01\/Captura.jpg\" alt=\"\" width=\"631\" height=\"175\" srcset=\"https:\/\/agora.xtec.cat\/ceiplarouredasabadell\/wp-content\/uploads\/usu2401\/2026\/01\/Captura.jpg 631w, https:\/\/agora.xtec.cat\/ceiplarouredasabadell\/wp-content\/uploads\/usu2401\/2026\/01\/Captura-300x83.jpg 300w\" sizes=\"auto, (max-width: 631px) 100vw, 631px\" \/><\/p>\n<p>&nbsp;<\/p>\n<h5>Publicaci\u00f3 de la llista de sol\u00b7licituds que han demanat el centre i l&#8217;ensenyament en primera petici\u00f3 ordenada a 29\/04\/2026<\/h5>\n<p>Podeu consultar el llistat de sol\u00b7licituds que han demanat el centre i l&#8217;ensenyament en primera petici\u00f3 ordenada en el <a href=\"https:\/\/drive.google.com\/file\/d\/1gm9swlnHPUtnn-pQsLceRrjhZWp_o-Dk\/view?usp=sharing\">seg\u00fcent enlla\u00e7<\/a>.<\/p>\n<p>Clicant <a href=\"https:\/\/agora.xtec.cat\/ceiplarouredasabadell\/cursactual\/preinscripcio-i-matricula\/\">aqu\u00ed<\/a> podeu trobar m\u00e9s informaci\u00f3 relacionada amb el proc\u00e9s de preinscripci\u00f3 i matr\u00edcula.<\/p>\n<p>&nbsp;<\/p>\n","protected":false},"excerpt":{"rendered":"<p>&nbsp;<br \/>\nPublicaci\u00f3 de la llista de sol\u00b7licituds que han demanat el centre i l&#8217;ensenyament en primera petici\u00f3 ordenada a 29\/04\/2026<br \/>\nPodeu consultar el llistat de sol\u00b7licituds que han demanat el centre i l&#8217;ensenyament en primera petici\u00f3 ordenada en el <a href=\"https:\/\/drive.google.com\/file\/d\/1gm9swlnHPUtnn-pQsLceRrjhZWp_o-Dk\/view?usp=sharing\">seg\u00fcent enlla\u00e7<\/a>.<br \/>\nClicant <a href=\"https:\/\/agora.xtec.cat\/ceiplarouredasabadell\/cursactual\/preinscripcio-i-matricula\/\">aqu\u00ed<\/a> podeu trobar m\u00e9s&hellip;  <a href=\"https:\/\/agora.xtec.cat\/ceiplarouredasabadell\/general\/preinscripcio-2026-2027-3\/\" title=\"Read Preinscripci\u00f3 2026 &#8211; 2027\">Llegeix m\u00e9s\u00bb<\/a><\/p>\n","protected":false},"author":1,"featured_media":0,"comment_status":"open","ping_status":"open","sticky":false,"template":"","format":"standard","meta":{"_bbp_topic_count":0,"_bbp_reply_count":0,"_bbp_total_topic_count":0,"_bbp_total_reply_count":0,"_bbp_voice_count":0,"_bbp_anonymous_reply_count":0,"_bbp_topic_count_hidden":0,"_bbp_reply_count_hidden":0,"_bbp_forum_subforum_count":0,"footnotes":""},"categories":[1,4],"tags":[],"class_list":["post-2579","post","type-post","status-publish","format-standard","hentry","category-general","category-portada"],"post_mailing_queue_ids":[],"_links":{"self":[{"href":"https:\/\/agora.xtec.cat\/ceiplarouredasabadell\/wp-json\/wp\/v2\/posts\/2579","targetHints":{"allow":["GET"]}}],"collection":[{"href":"https:\/\/agora.xtec.cat\/ceiplarouredasabadell\/wp-json\/wp\/v2\/posts"}],"about":[{"href":"https:\/\/agora.xtec.cat\/ceiplarouredasabadell\/wp-json\/wp\/v2\/types\/post"}],"author":[{"embeddable":true,"href":"https:\/\/agora.xtec.cat\/ceiplarouredasabadell\/wp-json\/wp\/v2\/users\/1"}],"replies":[{"embeddable":true,"href":"https:\/\/agora.xtec.cat\/ceiplarouredasabadell\/wp-json\/wp\/v2\/comments?post=2579"}],"version-history":[{"count":1,"href":"https:\/\/agora.xtec.cat\/ceiplarouredasabadell\/wp-json\/wp\/v2\/posts\/2579\/revisions"}],"predecessor-version":[{"id":2580,"href":"https:\/\/agora.xtec.cat\/ceiplarouredasabadell\/wp-json\/wp\/v2\/posts\/2579\/revisions\/2580"}],"wp:attachment":[{"href":"https:\/\/agora.xtec.cat\/ceiplarouredasabadell\/wp-json\/wp\/v2\/media?parent=2579"}],"wp:term":[{"taxonomy":"category","embeddable":true,"href":"https:\/\/agora.xtec.cat\/ceiplarouredasabadell\/wp-json\/wp\/v2\/categories?post=2579"},{"taxonomy":"post_tag","embeddable":true,"href":"https:\/\/agora.xtec.cat\/ceiplarouredasabadell\/wp-json\/wp\/v2\/tags?post=2579"}],"curies":[{"name":"wp","href":"https:\/\/api.w.org\/{rel}","templated":true}]}}