{"id":2568,"date":"2026-04-15T09:19:27","date_gmt":"2026-04-15T07:19:27","guid":{"rendered":"https:\/\/agora.xtec.cat\/ceiplarouredasabadell\/?p=2568"},"modified":"2026-04-28T13:31:32","modified_gmt":"2026-04-28T11:31:32","slug":"preinscripcio-2026-2027-2","status":"publish","type":"post","link":"https:\/\/agora.xtec.cat\/ceiplarouredasabadell\/general\/preinscripcio-2026-2027-2\/","title":{"rendered":"Preinscripci\u00f3 2026 &#8211; 2027"},"content":{"rendered":"<p><img loading=\"lazy\" decoding=\"async\" class=\"aligncenter size-full wp-image-2575\" src=\"https:\/\/agora.xtec.cat\/ceiplarouredasabadell\/wp-content\/uploads\/usu2401\/2026\/04\/image.png\" alt=\"\" width=\"555\" height=\"431\" srcset=\"https:\/\/agora.xtec.cat\/ceiplarouredasabadell\/wp-content\/uploads\/usu2401\/2026\/04\/image.png 555w, https:\/\/agora.xtec.cat\/ceiplarouredasabadell\/wp-content\/uploads\/usu2401\/2026\/04\/image-300x233.png 300w\" sizes=\"auto, (max-width: 555px) 100vw, 555px\" \/><\/p>\n<p>&nbsp;<\/p>\n<h6>Publicaci\u00f3 del n\u00famero de preinscripci\u00f3 26 \u2013 27: 42129<\/h6>\n<p>Si voleu consultar m\u00e9s informaci\u00f3 referent al proc\u00e9s de preinscripci\u00f3 i matr\u00edcula podeu\u00a0<a href=\"https:\/\/agora.xtec.cat\/ceiplarouredasabadell\/cursactual\/preinscripcio-i-matricula\/\">clicar aqu\u00ed<\/a>.<\/p>\n","protected":false},"excerpt":{"rendered":"<p>&nbsp;<br \/>\nPublicaci\u00f3 del n\u00famero de preinscripci\u00f3 26 \u2013 27: 42129<br \/>\nSi voleu consultar m\u00e9s informaci\u00f3 referent al proc\u00e9s de preinscripci\u00f3 i matr\u00edcula podeu\u00a0<a href=\"https:\/\/agora.xtec.cat\/ceiplarouredasabadell\/cursactual\/preinscripcio-i-matricula\/\">clicar aqu\u00ed<\/a>.<\/p>\n","protected":false},"author":1,"featured_media":0,"comment_status":"open","ping_status":"open","sticky":false,"template":"","format":"standard","meta":{"_bbp_topic_count":0,"_bbp_reply_count":0,"_bbp_total_topic_count":0,"_bbp_total_reply_count":0,"_bbp_voice_count":0,"_bbp_anonymous_reply_count":0,"_bbp_topic_count_hidden":0,"_bbp_reply_count_hidden":0,"_bbp_forum_subforum_count":0,"footnotes":""},"categories":[1,4],"tags":[],"class_list":["post-2568","post","type-post","status-publish","format-standard","hentry","category-general","category-portada"],"post_mailing_queue_ids":[],"_links":{"self":[{"href":"https:\/\/agora.xtec.cat\/ceiplarouredasabadell\/wp-json\/wp\/v2\/posts\/2568","targetHints":{"allow":["GET"]}}],"collection":[{"href":"https:\/\/agora.xtec.cat\/ceiplarouredasabadell\/wp-json\/wp\/v2\/posts"}],"about":[{"href":"https:\/\/agora.xtec.cat\/ceiplarouredasabadell\/wp-json\/wp\/v2\/types\/post"}],"author":[{"embeddable":true,"href":"https:\/\/agora.xtec.cat\/ceiplarouredasabadell\/wp-json\/wp\/v2\/users\/1"}],"replies":[{"embeddable":true,"href":"https:\/\/agora.xtec.cat\/ceiplarouredasabadell\/wp-json\/wp\/v2\/comments?post=2568"}],"version-history":[{"count":4,"href":"https:\/\/agora.xtec.cat\/ceiplarouredasabadell\/wp-json\/wp\/v2\/posts\/2568\/revisions"}],"predecessor-version":[{"id":2577,"href":"https:\/\/agora.xtec.cat\/ceiplarouredasabadell\/wp-json\/wp\/v2\/posts\/2568\/revisions\/2577"}],"wp:attachment":[{"href":"https:\/\/agora.xtec.cat\/ceiplarouredasabadell\/wp-json\/wp\/v2\/media?parent=2568"}],"wp:term":[{"taxonomy":"category","embeddable":true,"href":"https:\/\/agora.xtec.cat\/ceiplarouredasabadell\/wp-json\/wp\/v2\/categories?post=2568"},{"taxonomy":"post_tag","embeddable":true,"href":"https:\/\/agora.xtec.cat\/ceiplarouredasabadell\/wp-json\/wp\/v2\/tags?post=2568"}],"curies":[{"name":"wp","href":"https:\/\/api.w.org\/{rel}","templated":true}]}}