{"id":2537,"date":"2026-03-04T12:18:54","date_gmt":"2026-03-04T11:18:54","guid":{"rendered":"https:\/\/agora.xtec.cat\/ceiplarouredasabadell\/?p=2537"},"modified":"2026-03-04T12:18:54","modified_gmt":"2026-03-04T11:18:54","slug":"preinscripcio-2026-2027","status":"publish","type":"post","link":"https:\/\/agora.xtec.cat\/ceiplarouredasabadell\/portada\/preinscripcio-2026-2027\/","title":{"rendered":"Preinscripci\u00f3 2026 &#8211; 2027"},"content":{"rendered":"<p><img loading=\"lazy\" decoding=\"async\" class=\"aligncenter size-full wp-image-2521\" src=\"https:\/\/agora.xtec.cat\/ceiplarouredasabadell\/wp-content\/uploads\/usu2401\/2026\/01\/Captura.jpg\" alt=\"\" width=\"631\" height=\"175\" srcset=\"https:\/\/agora.xtec.cat\/ceiplarouredasabadell\/wp-content\/uploads\/usu2401\/2026\/01\/Captura.jpg 631w, https:\/\/agora.xtec.cat\/ceiplarouredasabadell\/wp-content\/uploads\/usu2401\/2026\/01\/Captura-300x83.jpg 300w\" sizes=\"auto, (max-width: 631px) 100vw, 631px\" \/><\/p>\n<h5><strong>Publicaci\u00f3 de l&#8217;oferta inicial de places<\/strong><\/h5>\n<p>Ja podeu trobar publicada, <a href=\"https:\/\/drive.google.com\/file\/d\/16wCU8s-3cxFllH3TBz4_R29UJoXPLoAv\/view?usp=drive_link\">clicant al seg\u00fcent enlla\u00e7<\/a>, l&#8217;oferta inicial de places per a la preinscripci\u00f3 2026 &#8211; 2027<\/p>\n<p>Si voleu consultar m\u00e9s informaci\u00f3 referent al proc\u00e9s de preinscripci\u00f3 i matr\u00edcula podeu <a href=\"https:\/\/agora.xtec.cat\/ceiplarouredasabadell\/cursactual\/preinscripcio-i-matricula\/\">clicar aqu\u00ed<\/a>.<\/p>\n<p>&nbsp;<\/p>\n","protected":false},"excerpt":{"rendered":"<p>Publicaci\u00f3 de l&#8217;oferta inicial de places<br \/>\nJa podeu trobar publicada, <a href=\"https:\/\/drive.google.com\/file\/d\/16wCU8s-3cxFllH3TBz4_R29UJoXPLoAv\/view?usp=drive_link\">clicant al seg\u00fcent enlla\u00e7<\/a>, l&#8217;oferta inicial de places per a la preinscripci\u00f3 2026 &#8211; 2027<br \/>\nSi voleu consultar m\u00e9s informaci\u00f3 referent al proc\u00e9s de preinscripci\u00f3 i matr\u00edcula podeu <a href=\"https:\/\/agora.xtec.cat\/ceiplarouredasabadell\/cursactual\/preinscripcio-i-matricula\/\">clicar aqu\u00ed<\/a>.<br \/>\n&nbsp;<\/p>\n","protected":false},"author":1,"featured_media":0,"comment_status":"open","ping_status":"open","sticky":false,"template":"","format":"standard","meta":{"_bbp_topic_count":0,"_bbp_reply_count":0,"_bbp_total_topic_count":0,"_bbp_total_reply_count":0,"_bbp_voice_count":0,"_bbp_anonymous_reply_count":0,"_bbp_topic_count_hidden":0,"_bbp_reply_count_hidden":0,"_bbp_forum_subforum_count":0,"footnotes":""},"categories":[4],"tags":[],"class_list":["post-2537","post","type-post","status-publish","format-standard","hentry","category-portada"],"post_mailing_queue_ids":[],"_links":{"self":[{"href":"https:\/\/agora.xtec.cat\/ceiplarouredasabadell\/wp-json\/wp\/v2\/posts\/2537","targetHints":{"allow":["GET"]}}],"collection":[{"href":"https:\/\/agora.xtec.cat\/ceiplarouredasabadell\/wp-json\/wp\/v2\/posts"}],"about":[{"href":"https:\/\/agora.xtec.cat\/ceiplarouredasabadell\/wp-json\/wp\/v2\/types\/post"}],"author":[{"embeddable":true,"href":"https:\/\/agora.xtec.cat\/ceiplarouredasabadell\/wp-json\/wp\/v2\/users\/1"}],"replies":[{"embeddable":true,"href":"https:\/\/agora.xtec.cat\/ceiplarouredasabadell\/wp-json\/wp\/v2\/comments?post=2537"}],"version-history":[{"count":2,"href":"https:\/\/agora.xtec.cat\/ceiplarouredasabadell\/wp-json\/wp\/v2\/posts\/2537\/revisions"}],"predecessor-version":[{"id":2539,"href":"https:\/\/agora.xtec.cat\/ceiplarouredasabadell\/wp-json\/wp\/v2\/posts\/2537\/revisions\/2539"}],"wp:attachment":[{"href":"https:\/\/agora.xtec.cat\/ceiplarouredasabadell\/wp-json\/wp\/v2\/media?parent=2537"}],"wp:term":[{"taxonomy":"category","embeddable":true,"href":"https:\/\/agora.xtec.cat\/ceiplarouredasabadell\/wp-json\/wp\/v2\/categories?post=2537"},{"taxonomy":"post_tag","embeddable":true,"href":"https:\/\/agora.xtec.cat\/ceiplarouredasabadell\/wp-json\/wp\/v2\/tags?post=2537"}],"curies":[{"name":"wp","href":"https:\/\/api.w.org\/{rel}","templated":true}]}}