{"id":2498,"date":"2026-02-20T10:28:31","date_gmt":"2026-02-20T09:28:31","guid":{"rendered":"https:\/\/agora.xtec.cat\/ceiplarouredasabadell\/?p=2498"},"modified":"2026-02-20T10:38:40","modified_gmt":"2026-02-20T09:38:40","slug":"primer-podcast-de-la-radio-roureda","status":"publish","type":"post","link":"https:\/\/agora.xtec.cat\/ceiplarouredasabadell\/general\/primer-podcast-de-la-radio-roureda\/","title":{"rendered":"Primer Podcast de la r\u00e0dio Roureda"},"content":{"rendered":"<h4 data-section-id=\"1bpge2x\" data-start=\"0\" data-end=\"70\">\ud83c\udf99\ufe0f Publiquem el primer podcast de r\u00e0dio de l\u2019Assemblea de Delegats i Delegades<\/h4>\n<p data-start=\"72\" data-end=\"414\">Des del centre estem molt contents i contentes d\u2019anunciar la publicaci\u00f3 del primer podcast de r\u00e0dio de l\u2019Assemblea de Delegats i Delegades. Es tracta d\u2019un nou espai de participaci\u00f3 que neix amb la voluntat de donar veu als infants, compartir inquietuds, proposar millores i explicar a tota la comunitat educativa els projectes que s\u2019estan treballant.<\/p>\n<p data-start=\"416\" data-end=\"612\">Aquest podcast ser\u00e0 un canal de comunicaci\u00f3 peri\u00f2dic on es tractaran temes d\u2019inter\u00e8s per a tots els alumnes del centre, fomentant l\u2019esperit cr\u00edtic, el respecte, el di\u00e0leg i la participaci\u00f3 activa.<\/p>\n<h4 data-section-id=\"1ysa0ce\" data-start=\"614\" data-end=\"675\">\ud83c\udfa7 Primer episodi: Dia de la Dona i la Nena en la Ci\u00e8ncia<\/h4>\n<p data-start=\"677\" data-end=\"1047\">El primer programa est\u00e0 contextualitzat en el <strong data-start=\"723\" data-end=\"765\">Dia de la Dona i la Nena en la Ci\u00e8ncia<\/strong> \ud83d\udc69\u200d\ud83d\udd2c\ud83d\udd2c. A trav\u00e9s d\u2019aquest episodi, els delegats i delegades reflexionen sobre la import\u00e0ncia de la igualtat d\u2019oportunitats en l\u2019\u00e0mbit cient\u00edfic, la necessitat de visibilitzar referents femenins i el paper fonamental que tenen les nenes i dones en el desenvolupament de la ci\u00e8ncia.<\/p>\n<p data-start=\"1049\" data-end=\"1080\">Amb aquesta iniciativa volem:<\/p>\n<ul data-start=\"1081\" data-end=\"1292\">\n<li data-section-id=\"2hi230\" data-start=\"1081\" data-end=\"1126\">\n<p data-start=\"1083\" data-end=\"1126\">Donar protagonisme a la veu de l\u2019alumnat.<\/p>\n<\/li>\n<li data-section-id=\"6htazc\" data-start=\"1127\" data-end=\"1178\">\n<p data-start=\"1129\" data-end=\"1178\">Treballar valors com la igualtat i el respecte.<\/p>\n<\/li>\n<li data-section-id=\"w9il8o\" data-start=\"1179\" data-end=\"1234\">\n<p data-start=\"1181\" data-end=\"1234\">Fomentar la comunicaci\u00f3 oral i el treball en equip.<\/p>\n<\/li>\n<li data-section-id=\"1pwokzn\" data-start=\"1235\" data-end=\"1292\">\n<p data-start=\"1237\" data-end=\"1292\">Apropar temes rellevants a tota la comunitat educativa.<\/p>\n<\/li>\n<\/ul>\n<p data-start=\"1294\" data-end=\"1466\" data-is-last-node=\"\" data-is-only-node=\"\">Aquest \u00e9s nom\u00e9s el primer pas d\u2019un projecte que volem que tingui continu\u00eftat al llarg del curs. Us animem a escoltar el podcast i a seguir-nos en les properes publicacions! Cliqueu a sobre la imatge per escoltar-lo!<\/p>\n<p data-start=\"1294\" data-end=\"1466\" data-is-last-node=\"\" data-is-only-node=\"\"><a href=\"https:\/\/youtu.be\/7gnWwgSeXEw\"><img loading=\"lazy\" decoding=\"async\" class=\"aligncenter wp-image-2499 size-medium\" src=\"https:\/\/agora.xtec.cat\/ceiplarouredasabadell\/wp-content\/uploads\/usu2401\/2026\/02\/Portada-podcast-1-300x166.png\" alt=\"\" width=\"300\" height=\"166\" srcset=\"https:\/\/agora.xtec.cat\/ceiplarouredasabadell\/wp-content\/uploads\/usu2401\/2026\/02\/Portada-podcast-1-300x166.png 300w, https:\/\/agora.xtec.cat\/ceiplarouredasabadell\/wp-content\/uploads\/usu2401\/2026\/02\/Portada-podcast-1-1024x568.png 1024w, https:\/\/agora.xtec.cat\/ceiplarouredasabadell\/wp-content\/uploads\/usu2401\/2026\/02\/Portada-podcast-1-768x426.png 768w, https:\/\/agora.xtec.cat\/ceiplarouredasabadell\/wp-content\/uploads\/usu2401\/2026\/02\/Portada-podcast-1-1536x852.png 1536w, https:\/\/agora.xtec.cat\/ceiplarouredasabadell\/wp-content\/uploads\/usu2401\/2026\/02\/Portada-podcast-1.png 1573w\" sizes=\"auto, (max-width: 300px) 100vw, 300px\" \/><\/a><\/p>\n","protected":false},"excerpt":{"rendered":"<p>\ud83c\udf99\ufe0f Publiquem el primer podcast de r\u00e0dio de l\u2019Assemblea de Delegats i Delegades<br \/>\nDes del centre estem molt contents i contentes d\u2019anunciar la publicaci\u00f3 del primer podcast de r\u00e0dio de l\u2019Assemblea de Delegats i Delegades. Es tracta d\u2019un nou espai de participaci\u00f3 que neix amb la&hellip;  <a href=\"https:\/\/agora.xtec.cat\/ceiplarouredasabadell\/general\/primer-podcast-de-la-radio-roureda\/\" title=\"Read Primer Podcast de la r\u00e0dio Roureda\">Llegeix m\u00e9s\u00bb<\/a><\/p>\n","protected":false},"author":1,"featured_media":2501,"comment_status":"open","ping_status":"open","sticky":false,"template":"","format":"standard","meta":{"_bbp_topic_count":0,"_bbp_reply_count":0,"_bbp_total_topic_count":0,"_bbp_total_reply_count":0,"_bbp_voice_count":0,"_bbp_anonymous_reply_count":0,"_bbp_topic_count_hidden":0,"_bbp_reply_count_hidden":0,"_bbp_forum_subforum_count":0,"footnotes":""},"categories":[1,4],"tags":[],"class_list":["post-2498","post","type-post","status-publish","format-standard","has-post-thumbnail","hentry","category-general","category-portada"],"post_mailing_queue_ids":[],"_links":{"self":[{"href":"https:\/\/agora.xtec.cat\/ceiplarouredasabadell\/wp-json\/wp\/v2\/posts\/2498","targetHints":{"allow":["GET"]}}],"collection":[{"href":"https:\/\/agora.xtec.cat\/ceiplarouredasabadell\/wp-json\/wp\/v2\/posts"}],"about":[{"href":"https:\/\/agora.xtec.cat\/ceiplarouredasabadell\/wp-json\/wp\/v2\/types\/post"}],"author":[{"embeddable":true,"href":"https:\/\/agora.xtec.cat\/ceiplarouredasabadell\/wp-json\/wp\/v2\/users\/1"}],"replies":[{"embeddable":true,"href":"https:\/\/agora.xtec.cat\/ceiplarouredasabadell\/wp-json\/wp\/v2\/comments?post=2498"}],"version-history":[{"count":1,"href":"https:\/\/agora.xtec.cat\/ceiplarouredasabadell\/wp-json\/wp\/v2\/posts\/2498\/revisions"}],"predecessor-version":[{"id":2500,"href":"https:\/\/agora.xtec.cat\/ceiplarouredasabadell\/wp-json\/wp\/v2\/posts\/2498\/revisions\/2500"}],"wp:featuredmedia":[{"embeddable":true,"href":"https:\/\/agora.xtec.cat\/ceiplarouredasabadell\/wp-json\/wp\/v2\/media\/2501"}],"wp:attachment":[{"href":"https:\/\/agora.xtec.cat\/ceiplarouredasabadell\/wp-json\/wp\/v2\/media?parent=2498"}],"wp:term":[{"taxonomy":"category","embeddable":true,"href":"https:\/\/agora.xtec.cat\/ceiplarouredasabadell\/wp-json\/wp\/v2\/categories?post=2498"},{"taxonomy":"post_tag","embeddable":true,"href":"https:\/\/agora.xtec.cat\/ceiplarouredasabadell\/wp-json\/wp\/v2\/tags?post=2498"}],"curies":[{"name":"wp","href":"https:\/\/api.w.org\/{rel}","templated":true}]}}