{"id":2333,"date":"2025-06-16T09:39:12","date_gmt":"2025-06-16T07:39:12","guid":{"rendered":"https:\/\/agora.xtec.cat\/ceiplarouredasabadell\/?p=2333"},"modified":"2025-06-16T09:49:02","modified_gmt":"2025-06-16T07:49:02","slug":"preinscripcio-i-matricula-2","status":"publish","type":"post","link":"https:\/\/agora.xtec.cat\/ceiplarouredasabadell\/general\/preinscripcio-i-matricula-2\/","title":{"rendered":"Preinscripci\u00f3 i matr\u00edcula"},"content":{"rendered":"<p>Fam\u00edlies,<\/p>\n<p>Avui ha sortit <a href=\"https:\/\/drive.google.com\/file\/d\/1kbIRVFJ5JIHJst4zXqbg5-h-UTKApzJl\/view?usp=sharing\">el llistat d&#8217;alumnes assignats al centre amb indicaci\u00f3 de la primera petici\u00f3 a 16\/06\/2025<\/a>.<\/p>\n<p>Tamb\u00e9 ha sortit la <a href=\"https:\/\/drive.google.com\/file\/d\/1TWNxJVgvpdmq591_z8WhpfApu-weQUw5\/view?usp=sharing\">publicaci\u00f3 de la llista d&#8217;espera del centre a 16\/06\/2025.\u00a0<\/a><\/p>\n<p>Per \u00faltim, tamb\u00e9 s&#8217;ha publicat <a href=\"https:\/\/drive.google.com\/file\/d\/1YRGBiR7SAJ_-RWEW_W5jb8gDCEwSpVhh\/view?usp=sharing\">l&#8217;oferta definitiva<\/a><\/p>\n<p>&nbsp;<\/p>\n","protected":false},"excerpt":{"rendered":"<p>Fam\u00edlies,<br \/>\nAvui ha sortit <a href=\"https:\/\/drive.google.com\/file\/d\/1kbIRVFJ5JIHJst4zXqbg5-h-UTKApzJl\/view?usp=sharing\">el llistat d&#8217;alumnes assignats al centre amb indicaci\u00f3 de la primera petici\u00f3 a 16\/06\/2025<\/a>.<br \/>\nTamb\u00e9 ha sortit la <a href=\"https:\/\/drive.google.com\/file\/d\/1TWNxJVgvpdmq591_z8WhpfApu-weQUw5\/view?usp=sharing\">publicaci\u00f3 de la llista d&#8217;espera del centre a 16\/06\/2025.\u00a0<\/a><br \/>\nPer \u00faltim, tamb\u00e9 s&#8217;ha publicat <a href=\"https:\/\/drive.google.com\/file\/d\/1YRGBiR7SAJ_-RWEW_W5jb8gDCEwSpVhh\/view?usp=sharing\">l&#8217;oferta definitiva<\/a><br \/>\n&nbsp;<\/p>\n","protected":false},"author":1,"featured_media":0,"comment_status":"open","ping_status":"open","sticky":false,"template":"","format":"standard","meta":{"_bbp_topic_count":0,"_bbp_reply_count":0,"_bbp_total_topic_count":0,"_bbp_total_reply_count":0,"_bbp_voice_count":0,"_bbp_anonymous_reply_count":0,"_bbp_topic_count_hidden":0,"_bbp_reply_count_hidden":0,"_bbp_forum_subforum_count":0,"footnotes":""},"categories":[1,4],"tags":[],"class_list":["post-2333","post","type-post","status-publish","format-standard","hentry","category-general","category-portada"],"post_mailing_queue_ids":[],"_links":{"self":[{"href":"https:\/\/agora.xtec.cat\/ceiplarouredasabadell\/wp-json\/wp\/v2\/posts\/2333","targetHints":{"allow":["GET"]}}],"collection":[{"href":"https:\/\/agora.xtec.cat\/ceiplarouredasabadell\/wp-json\/wp\/v2\/posts"}],"about":[{"href":"https:\/\/agora.xtec.cat\/ceiplarouredasabadell\/wp-json\/wp\/v2\/types\/post"}],"author":[{"embeddable":true,"href":"https:\/\/agora.xtec.cat\/ceiplarouredasabadell\/wp-json\/wp\/v2\/users\/1"}],"replies":[{"embeddable":true,"href":"https:\/\/agora.xtec.cat\/ceiplarouredasabadell\/wp-json\/wp\/v2\/comments?post=2333"}],"version-history":[{"count":4,"href":"https:\/\/agora.xtec.cat\/ceiplarouredasabadell\/wp-json\/wp\/v2\/posts\/2333\/revisions"}],"predecessor-version":[{"id":2340,"href":"https:\/\/agora.xtec.cat\/ceiplarouredasabadell\/wp-json\/wp\/v2\/posts\/2333\/revisions\/2340"}],"wp:attachment":[{"href":"https:\/\/agora.xtec.cat\/ceiplarouredasabadell\/wp-json\/wp\/v2\/media?parent=2333"}],"wp:term":[{"taxonomy":"category","embeddable":true,"href":"https:\/\/agora.xtec.cat\/ceiplarouredasabadell\/wp-json\/wp\/v2\/categories?post=2333"},{"taxonomy":"post_tag","embeddable":true,"href":"https:\/\/agora.xtec.cat\/ceiplarouredasabadell\/wp-json\/wp\/v2\/tags?post=2333"}],"curies":[{"name":"wp","href":"https:\/\/api.w.org\/{rel}","templated":true}]}}