{"id":2328,"date":"2025-06-12T13:42:44","date_gmt":"2025-06-12T11:42:44","guid":{"rendered":"https:\/\/agora.xtec.cat\/ceiplarouredasabadell\/?p=2328"},"modified":"2025-06-12T13:43:31","modified_gmt":"2025-06-12T11:43:31","slug":"celebracions-del-50e-aniversari","status":"publish","type":"post","link":"https:\/\/agora.xtec.cat\/ceiplarouredasabadell\/general\/celebracions-del-50e-aniversari\/","title":{"rendered":"Celebracions del 50\u00e8 aniversari"},"content":{"rendered":"<p>Dins de les celebracions del 50\u00e8 aniversari, el passat mes de maig vam presentar el nou logotip de l&#8217;escola que ha elaborat la Ivet Mart\u00ednez, estudiant de l&#8217;escola Illa. Amb la nova imatge de l&#8217;escola, vam fer uns <a href=\"https:\/\/drive.google.com\/file\/d\/1J46ytELrYVgICaBvpTFSJg7pzZkvdl68\/view?usp=sharing\">EMBOLCALLS<\/a> reutilitzables per a tot l&#8217;alumnat de l&#8217;escola. Un bonic record d&#8217;aquesta celebraci\u00f3 tant important!<\/p>\n<p><img loading=\"lazy\" decoding=\"async\" class=\"aligncenter size-medium wp-image-2329\" src=\"https:\/\/agora.xtec.cat\/ceiplarouredasabadell\/wp-content\/uploads\/usu2401\/2025\/06\/IMG_20250610_132641-237x300.jpg\" alt=\"\" width=\"237\" height=\"300\" srcset=\"https:\/\/agora.xtec.cat\/ceiplarouredasabadell\/wp-content\/uploads\/usu2401\/2025\/06\/IMG_20250610_132641-237x300.jpg 237w, https:\/\/agora.xtec.cat\/ceiplarouredasabadell\/wp-content\/uploads\/usu2401\/2025\/06\/IMG_20250610_132641-810x1024.jpg 810w, https:\/\/agora.xtec.cat\/ceiplarouredasabadell\/wp-content\/uploads\/usu2401\/2025\/06\/IMG_20250610_132641-768x971.jpg 768w, https:\/\/agora.xtec.cat\/ceiplarouredasabadell\/wp-content\/uploads\/usu2401\/2025\/06\/IMG_20250610_132641-1215x1536.jpg 1215w, https:\/\/agora.xtec.cat\/ceiplarouredasabadell\/wp-content\/uploads\/usu2401\/2025\/06\/IMG_20250610_132641-1620x2048.jpg 1620w, https:\/\/agora.xtec.cat\/ceiplarouredasabadell\/wp-content\/uploads\/usu2401\/2025\/06\/IMG_20250610_132641-scaled.jpg 2025w\" sizes=\"auto, (max-width: 237px) 100vw, 237px\" \/><\/p>\n<p>&nbsp;<\/p>\n","protected":false},"excerpt":{"rendered":"<p>Dins de les celebracions del 50\u00e8 aniversari, el passat mes de maig vam presentar el nou logotip de l&#8217;escola que ha elaborat la Ivet Mart\u00ednez, estudiant de l&#8217;escola Illa. Amb la nova imatge de l&#8217;escola, vam fer uns <a href=\"https:\/\/drive.google.com\/file\/d\/1J46ytELrYVgICaBvpTFSJg7pzZkvdl68\/view?usp=sharing\">EMBOLCALLS<\/a> reutilitzables per a tot l&#8217;alumnat&hellip;  <a href=\"https:\/\/agora.xtec.cat\/ceiplarouredasabadell\/general\/celebracions-del-50e-aniversari\/\" title=\"Read Celebracions del 50\u00e8 aniversari\">Llegeix m\u00e9s\u00bb<\/a><\/p>\n","protected":false},"author":1,"featured_media":0,"comment_status":"open","ping_status":"open","sticky":false,"template":"","format":"standard","meta":{"_bbp_topic_count":0,"_bbp_reply_count":0,"_bbp_total_topic_count":0,"_bbp_total_reply_count":0,"_bbp_voice_count":0,"_bbp_anonymous_reply_count":0,"_bbp_topic_count_hidden":0,"_bbp_reply_count_hidden":0,"_bbp_forum_subforum_count":0,"footnotes":""},"categories":[1,4],"tags":[],"class_list":["post-2328","post","type-post","status-publish","format-standard","hentry","category-general","category-portada"],"post_mailing_queue_ids":[],"_links":{"self":[{"href":"https:\/\/agora.xtec.cat\/ceiplarouredasabadell\/wp-json\/wp\/v2\/posts\/2328","targetHints":{"allow":["GET"]}}],"collection":[{"href":"https:\/\/agora.xtec.cat\/ceiplarouredasabadell\/wp-json\/wp\/v2\/posts"}],"about":[{"href":"https:\/\/agora.xtec.cat\/ceiplarouredasabadell\/wp-json\/wp\/v2\/types\/post"}],"author":[{"embeddable":true,"href":"https:\/\/agora.xtec.cat\/ceiplarouredasabadell\/wp-json\/wp\/v2\/users\/1"}],"replies":[{"embeddable":true,"href":"https:\/\/agora.xtec.cat\/ceiplarouredasabadell\/wp-json\/wp\/v2\/comments?post=2328"}],"version-history":[{"count":2,"href":"https:\/\/agora.xtec.cat\/ceiplarouredasabadell\/wp-json\/wp\/v2\/posts\/2328\/revisions"}],"predecessor-version":[{"id":2332,"href":"https:\/\/agora.xtec.cat\/ceiplarouredasabadell\/wp-json\/wp\/v2\/posts\/2328\/revisions\/2332"}],"wp:attachment":[{"href":"https:\/\/agora.xtec.cat\/ceiplarouredasabadell\/wp-json\/wp\/v2\/media?parent=2328"}],"wp:term":[{"taxonomy":"category","embeddable":true,"href":"https:\/\/agora.xtec.cat\/ceiplarouredasabadell\/wp-json\/wp\/v2\/categories?post=2328"},{"taxonomy":"post_tag","embeddable":true,"href":"https:\/\/agora.xtec.cat\/ceiplarouredasabadell\/wp-json\/wp\/v2\/tags?post=2328"}],"curies":[{"name":"wp","href":"https:\/\/api.w.org\/{rel}","templated":true}]}}