{"id":2272,"date":"2025-05-08T16:18:24","date_gmt":"2025-05-08T14:18:24","guid":{"rendered":"https:\/\/agora.xtec.cat\/ceiplarouredasabadell\/?p=2272"},"modified":"2025-05-09T11:37:15","modified_gmt":"2025-05-09T09:37:15","slug":"preinscripcio-i-matricula","status":"publish","type":"post","link":"https:\/\/agora.xtec.cat\/ceiplarouredasabadell\/general\/preinscripcio-i-matricula\/","title":{"rendered":"Preinscripci\u00f3 i matr\u00edcula"},"content":{"rendered":"<p>El n\u00famero de desempat per a la preinscripci\u00f3: \u00e9s el <strong>76261.<\/strong><\/p>\n<p>&nbsp;<\/p>\n<p><a href=\"https:\/\/drive.google.com\/file\/d\/16fkMwYpvWFEyupt35JEaqWxqrwH13_ob\/view?usp=sharing\">Publicaci\u00f3 de la llista de sol\u00b7licituds que han demanat el centre i l&#8217;ensenyament en primera petici\u00f3 ordenada a 09\/05\/2025<\/a><\/p>\n","protected":false},"excerpt":{"rendered":"<p>El n\u00famero de desempat per a la preinscripci\u00f3: \u00e9s el 76261.<br \/>\n&nbsp;<br \/>\n<a href=\"https:\/\/drive.google.com\/file\/d\/16fkMwYpvWFEyupt35JEaqWxqrwH13_ob\/view?usp=sharing\">Publicaci\u00f3 de la llista de sol\u00b7licituds que han demanat el centre i l&#8217;ensenyament en primera petici\u00f3 ordenada a 09\/05\/2025<\/a><\/p>\n","protected":false},"author":1,"featured_media":0,"comment_status":"open","ping_status":"closed","sticky":false,"template":"","format":"standard","meta":{"_bbp_topic_count":0,"_bbp_reply_count":0,"_bbp_total_topic_count":0,"_bbp_total_reply_count":0,"_bbp_voice_count":0,"_bbp_anonymous_reply_count":0,"_bbp_topic_count_hidden":0,"_bbp_reply_count_hidden":0,"_bbp_forum_subforum_count":0,"footnotes":""},"categories":[1,4],"tags":[],"class_list":["post-2272","post","type-post","status-publish","format-standard","hentry","category-general","category-portada"],"post_mailing_queue_ids":[],"_links":{"self":[{"href":"https:\/\/agora.xtec.cat\/ceiplarouredasabadell\/wp-json\/wp\/v2\/posts\/2272","targetHints":{"allow":["GET"]}}],"collection":[{"href":"https:\/\/agora.xtec.cat\/ceiplarouredasabadell\/wp-json\/wp\/v2\/posts"}],"about":[{"href":"https:\/\/agora.xtec.cat\/ceiplarouredasabadell\/wp-json\/wp\/v2\/types\/post"}],"author":[{"embeddable":true,"href":"https:\/\/agora.xtec.cat\/ceiplarouredasabadell\/wp-json\/wp\/v2\/users\/1"}],"replies":[{"embeddable":true,"href":"https:\/\/agora.xtec.cat\/ceiplarouredasabadell\/wp-json\/wp\/v2\/comments?post=2272"}],"version-history":[{"count":3,"href":"https:\/\/agora.xtec.cat\/ceiplarouredasabadell\/wp-json\/wp\/v2\/posts\/2272\/revisions"}],"predecessor-version":[{"id":2275,"href":"https:\/\/agora.xtec.cat\/ceiplarouredasabadell\/wp-json\/wp\/v2\/posts\/2272\/revisions\/2275"}],"wp:attachment":[{"href":"https:\/\/agora.xtec.cat\/ceiplarouredasabadell\/wp-json\/wp\/v2\/media?parent=2272"}],"wp:term":[{"taxonomy":"category","embeddable":true,"href":"https:\/\/agora.xtec.cat\/ceiplarouredasabadell\/wp-json\/wp\/v2\/categories?post=2272"},{"taxonomy":"post_tag","embeddable":true,"href":"https:\/\/agora.xtec.cat\/ceiplarouredasabadell\/wp-json\/wp\/v2\/tags?post=2272"}],"curies":[{"name":"wp","href":"https:\/\/api.w.org\/{rel}","templated":true}]}}