{"id":2108,"date":"2024-11-05T16:07:28","date_gmt":"2024-11-05T15:07:28","guid":{"rendered":"https:\/\/agora.xtec.cat\/ceiplarouredasabadell\/?p=2108"},"modified":"2024-11-05T16:14:28","modified_gmt":"2024-11-05T15:14:28","slug":"auxiliar-de-conversa-a-lescola","status":"publish","type":"post","link":"https:\/\/agora.xtec.cat\/ceiplarouredasabadell\/general\/auxiliar-de-conversa-a-lescola\/","title":{"rendered":"Auxiliar de conversa a l&#8217;escola"},"content":{"rendered":"<div class=\"adn ads\" data-message-id=\"#msg-f:1814450036830304577\" data-legacy-message-id=\"192e38b1f3f6f941\">\n<div class=\"gs\">\n<div class=\"\">\n<div id=\":1kh\" class=\"ii gt\">\n<div id=\":vk\" class=\"a3s aiL \">\n<div dir=\"ltr\">\n<div class=\"gmail_quote\">\n<div dir=\"ltr\">\n<p style=\"text-align: justify;\"><span style=\"color: #000000;\">Des de principi d\u2019octubre, la Connie, la nostra Auxiliar de Conversa, est\u00e0 amb nosaltres per ajudar els infants de tercer fins a sis\u00e8 amb el seu domini de l\u2019angl\u00e8s oral! Durant les estones d\u2019esbarjo, la podreu trobar parlant amb els m\u00e9s petits al pati. La Connie \u00e9s de Brisbane, una ciutat d&#8217;Austr\u00e0lia, i li encanta ajudar els infants a aprendre angl\u00e8s. Com a bona australiana, li encanta anar a la platja i fer ioga en el seu temps lliure.<\/span><\/p>\n<p style=\"text-align: justify;\"><span style=\"color: #000000;\">La Connie es quedar\u00e0 amb nosaltres fins a finals de maig. Ajudar\u00e0 els infants a millorar el seu angl\u00e8s oral i facilitar\u00e0 l&#8217;assoliment de les compet\u00e8ncies en angl\u00e8s. \u00c9s la primera vegada que tenim una auxiliar de conversa a l&#8217;escola aix\u00ed que \u00e9s un moment molt emocionant per a tots nosaltres.\u00a0<\/span><\/p>\n<h6 dir=\"ltr\" style=\"text-align: justify;\"><\/h6>\n<h6 dir=\"ltr\" style=\"text-align: justify;\"><em><span style=\"color: #000000;\"><strong>Since the beginning of October, we have had Connie, our English teaching assistant, with us helping engage our 3rd to 6th grade students with conversational English! During break time, you can find her speaking with the younger students in the playground. Connie is from Brisbane, Australia, and loves inspiring children to learn English. As a true Australian, she loves going to the beach and doing yoga in her spare time.<\/strong><\/span><\/em><\/h6>\n<h6 dir=\"ltr\" style=\"text-align: justify;\"><\/h6>\n<div dir=\"ltr\">\n<h6 style=\"text-align: justify;\"><em><span style=\"color: #000000;\"><strong>Connie will be with us from October 2024 until the end of May 2025. She will help the kids to improve their oral English and make achieving their English Competencies easier. This is our first time having a conversation assistant at the school, so it&#8217;s a very exciting time to be at Escola Roureda!<\/strong><\/span><\/em><\/h6>\n<p>&nbsp;<\/p>\n<\/div>\n<p><span style=\"color: #000000;\"> <img loading=\"lazy\" decoding=\"async\" class=\"aligncenter wp-image-2109 size-medium\" src=\"https:\/\/agora.xtec.cat\/ceiplarouredasabadell\/wp-content\/uploads\/usu2401\/2024\/11\/1730819041714-300x225.jpg\" alt=\"\" width=\"300\" height=\"225\" srcset=\"https:\/\/agora.xtec.cat\/ceiplarouredasabadell\/wp-content\/uploads\/usu2401\/2024\/11\/1730819041714-300x225.jpg 300w, https:\/\/agora.xtec.cat\/ceiplarouredasabadell\/wp-content\/uploads\/usu2401\/2024\/11\/1730819041714-1024x768.jpg 1024w, https:\/\/agora.xtec.cat\/ceiplarouredasabadell\/wp-content\/uploads\/usu2401\/2024\/11\/1730819041714-768x576.jpg 768w, https:\/\/agora.xtec.cat\/ceiplarouredasabadell\/wp-content\/uploads\/usu2401\/2024\/11\/1730819041714-1536x1152.jpg 1536w, https:\/\/agora.xtec.cat\/ceiplarouredasabadell\/wp-content\/uploads\/usu2401\/2024\/11\/1730819041714-200x150.jpg 200w, https:\/\/agora.xtec.cat\/ceiplarouredasabadell\/wp-content\/uploads\/usu2401\/2024\/11\/1730819041714.jpg 2000w\" sizes=\"auto, (max-width: 300px) 100vw, 300px\" \/><\/span><\/p>\n<\/div>\n<div class=\"yj6qo\"><\/div>\n<div class=\"adL\"><\/div>\n<\/div>\n<\/div>\n<div class=\"adL\"><\/div>\n<\/div>\n<\/div>\n<\/div>\n<\/div>\n<div class=\"ajx\"><\/div>\n<\/div>\n<div class=\"gA gt acV\">\n<div class=\"gB xu\">\n<div class=\"ip iq\">\n<div id=\":1ki\"><\/div>\n<\/div>\n<\/div>\n<\/div>\n","protected":false},"excerpt":{"rendered":"<p>Des de principi d\u2019octubre, la Connie, la nostra Auxiliar de Conversa, est\u00e0 amb nosaltres per ajudar els infants de tercer fins a sis\u00e8 amb el seu domini de l\u2019angl\u00e8s oral! Durant les estones d\u2019esbarjo, la podreu trobar parlant amb els m\u00e9s petits al pati. La&hellip;  <a href=\"https:\/\/agora.xtec.cat\/ceiplarouredasabadell\/general\/auxiliar-de-conversa-a-lescola\/\" title=\"Read Auxiliar de conversa a l&#8217;escola\">Llegeix m\u00e9s\u00bb<\/a><\/p>\n","protected":false},"author":1,"featured_media":0,"comment_status":"open","ping_status":"closed","sticky":false,"template":"","format":"standard","meta":{"_bbp_topic_count":0,"_bbp_reply_count":0,"_bbp_total_topic_count":0,"_bbp_total_reply_count":0,"_bbp_voice_count":0,"_bbp_anonymous_reply_count":0,"_bbp_topic_count_hidden":0,"_bbp_reply_count_hidden":0,"_bbp_forum_subforum_count":0,"footnotes":""},"categories":[1,4],"tags":[],"class_list":["post-2108","post","type-post","status-publish","format-standard","hentry","category-general","category-portada"],"post_mailing_queue_ids":[],"_links":{"self":[{"href":"https:\/\/agora.xtec.cat\/ceiplarouredasabadell\/wp-json\/wp\/v2\/posts\/2108","targetHints":{"allow":["GET"]}}],"collection":[{"href":"https:\/\/agora.xtec.cat\/ceiplarouredasabadell\/wp-json\/wp\/v2\/posts"}],"about":[{"href":"https:\/\/agora.xtec.cat\/ceiplarouredasabadell\/wp-json\/wp\/v2\/types\/post"}],"author":[{"embeddable":true,"href":"https:\/\/agora.xtec.cat\/ceiplarouredasabadell\/wp-json\/wp\/v2\/users\/1"}],"replies":[{"embeddable":true,"href":"https:\/\/agora.xtec.cat\/ceiplarouredasabadell\/wp-json\/wp\/v2\/comments?post=2108"}],"version-history":[{"count":6,"href":"https:\/\/agora.xtec.cat\/ceiplarouredasabadell\/wp-json\/wp\/v2\/posts\/2108\/revisions"}],"predecessor-version":[{"id":2111,"href":"https:\/\/agora.xtec.cat\/ceiplarouredasabadell\/wp-json\/wp\/v2\/posts\/2108\/revisions\/2111"}],"wp:attachment":[{"href":"https:\/\/agora.xtec.cat\/ceiplarouredasabadell\/wp-json\/wp\/v2\/media?parent=2108"}],"wp:term":[{"taxonomy":"category","embeddable":true,"href":"https:\/\/agora.xtec.cat\/ceiplarouredasabadell\/wp-json\/wp\/v2\/categories?post=2108"},{"taxonomy":"post_tag","embeddable":true,"href":"https:\/\/agora.xtec.cat\/ceiplarouredasabadell\/wp-json\/wp\/v2\/tags?post=2108"}],"curies":[{"name":"wp","href":"https:\/\/api.w.org\/{rel}","templated":true}]}}