{"id":7144,"date":"2026-03-06T15:43:30","date_gmt":"2026-03-06T14:43:30","guid":{"rendered":"https:\/\/agora.xtec.cat\/ceiplaromanica\/?p=7144"},"modified":"2026-03-06T15:43:30","modified_gmt":"2026-03-06T14:43:30","slug":"carnestoltes-de-6e","status":"publish","type":"post","link":"https:\/\/agora.xtec.cat\/ceiplaromanica\/portada\/carnestoltes-de-6e\/","title":{"rendered":"CARNESTOLTES DE 6\u00e8"},"content":{"rendered":"<p><span style=\"font-weight: 400;\">El divendres 13 de febrer vam celebrar el Carnestoltes a l\u2019escola. Tot i que inicialment ten\u00edem previst fer la festa al pati, la pluja ens va obligar a canviar els plans i finalment vam celebrar el Carnestoltes de manera interna dins de l\u2019escola.<\/span><\/p>\n<p><span style=\"font-weight: 400;\">Malgrat el canvi, vam poder gaudir d\u2019una gran festa. La mestra de m\u00fasica havia preparat una rua amb diferents balls i coreografies, i tots els cursos hi van participar amb molta il\u00b7lusi\u00f3. Els alumnes van desfilar i ballar seguint el recorregut mentre la resta de companys i companyes miraven i aplaudien.<\/span><\/p>\n<p><span style=\"font-weight: 400;\">Els alumnes de 6\u00e8 A anaven disfressats de xocolata, amb disfresses molt originals i divertides. Per la seva banda, els alumnes de 6\u00e8 B es van convertir en graffiters i graffiteres, amb vestits molt creatius inspirats en l\u2019art urb\u00e0.<\/span><\/p>\n<p><span style=\"font-weight: 400;\">A m\u00e9s, alguns alumnes de 6\u00e8 tamb\u00e9 van tenir un paper molt especial durant la festa, ja que van fer de presentadors i presentadores de l\u2019acte, explicant cada actuaci\u00f3 i animant el p\u00fablic.<\/span><\/p>\n<p><span style=\"font-weight: 400;\">Tot i la pluja, vam poder celebrar un Carnestoltes molt divertit i ple de m\u00fasica, disfresses i bon ambient. Ens ho vam passar molt b\u00e9!<\/span><\/p>\n<p>&nbsp;<\/p>\n<p><a href=\"https:\/\/agora.xtec.cat\/ceiplaromanica\/wp-content\/uploads\/usu1851\/2026\/03\/carnestoltes6e-scaled.jpg\"><img loading=\"lazy\" decoding=\"async\" class=\"alignnone size-large wp-image-7145\" src=\"https:\/\/agora.xtec.cat\/ceiplaromanica\/wp-content\/uploads\/usu1851\/2026\/03\/carnestoltes6e-1024x577.jpg\" alt=\"\" width=\"1024\" height=\"577\" srcset=\"https:\/\/agora.xtec.cat\/ceiplaromanica\/wp-content\/uploads\/usu1851\/2026\/03\/carnestoltes6e-1024x577.jpg 1024w, https:\/\/agora.xtec.cat\/ceiplaromanica\/wp-content\/uploads\/usu1851\/2026\/03\/carnestoltes6e-300x169.jpg 300w, https:\/\/agora.xtec.cat\/ceiplaromanica\/wp-content\/uploads\/usu1851\/2026\/03\/carnestoltes6e-768x432.jpg 768w, https:\/\/agora.xtec.cat\/ceiplaromanica\/wp-content\/uploads\/usu1851\/2026\/03\/carnestoltes6e-1536x865.jpg 1536w, https:\/\/agora.xtec.cat\/ceiplaromanica\/wp-content\/uploads\/usu1851\/2026\/03\/carnestoltes6e-2048x1153.jpg 2048w\" sizes=\"auto, (max-width: 1024px) 100vw, 1024px\" \/><\/a> <a href=\"https:\/\/agora.xtec.cat\/ceiplaromanica\/wp-content\/uploads\/usu1851\/2026\/03\/carnestoltes6e2-scaled.jpg\"><img loading=\"lazy\" decoding=\"async\" class=\"alignnone size-large wp-image-7146\" src=\"https:\/\/agora.xtec.cat\/ceiplaromanica\/wp-content\/uploads\/usu1851\/2026\/03\/carnestoltes6e2-1024x577.jpg\" alt=\"\" width=\"1024\" height=\"577\" srcset=\"https:\/\/agora.xtec.cat\/ceiplaromanica\/wp-content\/uploads\/usu1851\/2026\/03\/carnestoltes6e2-1024x577.jpg 1024w, https:\/\/agora.xtec.cat\/ceiplaromanica\/wp-content\/uploads\/usu1851\/2026\/03\/carnestoltes6e2-300x169.jpg 300w, https:\/\/agora.xtec.cat\/ceiplaromanica\/wp-content\/uploads\/usu1851\/2026\/03\/carnestoltes6e2-768x432.jpg 768w, https:\/\/agora.xtec.cat\/ceiplaromanica\/wp-content\/uploads\/usu1851\/2026\/03\/carnestoltes6e2-1536x865.jpg 1536w, https:\/\/agora.xtec.cat\/ceiplaromanica\/wp-content\/uploads\/usu1851\/2026\/03\/carnestoltes6e2-2048x1153.jpg 2048w\" sizes=\"auto, (max-width: 1024px) 100vw, 1024px\" \/><\/a> <a href=\"https:\/\/agora.xtec.cat\/ceiplaromanica\/wp-content\/uploads\/usu1851\/2026\/03\/carnestoltes6e4-scaled.jpg\"><img loading=\"lazy\" decoding=\"async\" class=\"alignnone size-large wp-image-7147\" src=\"https:\/\/agora.xtec.cat\/ceiplaromanica\/wp-content\/uploads\/usu1851\/2026\/03\/carnestoltes6e4-1024x577.jpg\" alt=\"\" width=\"1024\" height=\"577\" srcset=\"https:\/\/agora.xtec.cat\/ceiplaromanica\/wp-content\/uploads\/usu1851\/2026\/03\/carnestoltes6e4-1024x577.jpg 1024w, https:\/\/agora.xtec.cat\/ceiplaromanica\/wp-content\/uploads\/usu1851\/2026\/03\/carnestoltes6e4-300x169.jpg 300w, https:\/\/agora.xtec.cat\/ceiplaromanica\/wp-content\/uploads\/usu1851\/2026\/03\/carnestoltes6e4-768x432.jpg 768w, https:\/\/agora.xtec.cat\/ceiplaromanica\/wp-content\/uploads\/usu1851\/2026\/03\/carnestoltes6e4-1536x865.jpg 1536w, https:\/\/agora.xtec.cat\/ceiplaromanica\/wp-content\/uploads\/usu1851\/2026\/03\/carnestoltes6e4-2048x1153.jpg 2048w\" sizes=\"auto, (max-width: 1024px) 100vw, 1024px\" \/><\/a><\/p>\n","protected":false},"excerpt":{"rendered":"<p>El divendres 13 de febrer vam celebrar el Carnestoltes a l\u2019escola. Tot i que inicialment ten\u00edem previst fer la festa al pati, la pluja ens va obligar a canviar els plans i finalment vam celebrar el Carnestoltes de manera interna dins de l\u2019escola.<br \/>\nMalgrat el canvi,&hellip;  <a href=\"https:\/\/agora.xtec.cat\/ceiplaromanica\/portada\/carnestoltes-de-6e\/\" title=\"Read CARNESTOLTES DE 6\u00e8\">Llegeix m\u00e9s\u00bb<\/a><\/p>\n","protected":false},"author":21,"featured_media":7146,"comment_status":"open","ping_status":"open","sticky":false,"template":"","format":"standard","meta":{"_bbp_topic_count":0,"_bbp_reply_count":0,"_bbp_total_topic_count":0,"_bbp_total_reply_count":0,"_bbp_voice_count":0,"_bbp_anonymous_reply_count":0,"_bbp_topic_count_hidden":0,"_bbp_reply_count_hidden":0,"_bbp_forum_subforum_count":0,"footnotes":""},"categories":[15,90,96,4,5],"tags":[],"class_list":["post-7144","post","type-post","status-publish","format-standard","has-post-thumbnail","hentry","category-6e","category-escola","category-infantil-i-primaria","category-portada","category-primaria"],"post_mailing_queue_ids":[],"_links":{"self":[{"href":"https:\/\/agora.xtec.cat\/ceiplaromanica\/wp-json\/wp\/v2\/posts\/7144","targetHints":{"allow":["GET"]}}],"collection":[{"href":"https:\/\/agora.xtec.cat\/ceiplaromanica\/wp-json\/wp\/v2\/posts"}],"about":[{"href":"https:\/\/agora.xtec.cat\/ceiplaromanica\/wp-json\/wp\/v2\/types\/post"}],"author":[{"embeddable":true,"href":"https:\/\/agora.xtec.cat\/ceiplaromanica\/wp-json\/wp\/v2\/users\/21"}],"replies":[{"embeddable":true,"href":"https:\/\/agora.xtec.cat\/ceiplaromanica\/wp-json\/wp\/v2\/comments?post=7144"}],"version-history":[{"count":1,"href":"https:\/\/agora.xtec.cat\/ceiplaromanica\/wp-json\/wp\/v2\/posts\/7144\/revisions"}],"predecessor-version":[{"id":7148,"href":"https:\/\/agora.xtec.cat\/ceiplaromanica\/wp-json\/wp\/v2\/posts\/7144\/revisions\/7148"}],"wp:featuredmedia":[{"embeddable":true,"href":"https:\/\/agora.xtec.cat\/ceiplaromanica\/wp-json\/wp\/v2\/media\/7146"}],"wp:attachment":[{"href":"https:\/\/agora.xtec.cat\/ceiplaromanica\/wp-json\/wp\/v2\/media?parent=7144"}],"wp:term":[{"taxonomy":"category","embeddable":true,"href":"https:\/\/agora.xtec.cat\/ceiplaromanica\/wp-json\/wp\/v2\/categories?post=7144"},{"taxonomy":"post_tag","embeddable":true,"href":"https:\/\/agora.xtec.cat\/ceiplaromanica\/wp-json\/wp\/v2\/tags?post=7144"}],"curies":[{"name":"wp","href":"https:\/\/api.w.org\/{rel}","templated":true}]}}