{"id":7118,"date":"2026-04-23T10:34:11","date_gmt":"2026-04-23T08:34:11","guid":{"rendered":"https:\/\/agora.xtec.cat\/ceiplaromanica\/?p=7118"},"modified":"2026-04-29T13:40:35","modified_gmt":"2026-04-29T11:40:35","slug":"preinscripcions-26-27","status":"publish","type":"post","link":"https:\/\/agora.xtec.cat\/ceiplaromanica\/general\/preinscripcions-26-27\/","title":{"rendered":"PREINSCRIPCIONS 26-27"},"content":{"rendered":"<p>Per qualsevol informaci\u00f3 en relaci\u00f3 al proc\u00e9s de preinscripci\u00f3 de cara al curs 26-27, podeu anar consultant la <a href=\"https:\/\/preinscripcio.gencat.cat\/ca\/inici\/index.html\">p\u00e0gina web de la Generalita<img loading=\"lazy\" decoding=\"async\" class=\"alignleft size-full wp-image-7121\" src=\"https:\/\/agora.xtec.cat\/ceiplaromanica\/wp-content\/uploads\/usu1851\/2026\/02\/Preinscripcio_baners_Web_Consorci__Preinscripcio_web_consorci_744x250_SECUNDARIA-1.webp\" alt=\"\" width=\"744\" height=\"261\" srcset=\"https:\/\/agora.xtec.cat\/ceiplaromanica\/wp-content\/uploads\/usu1851\/2026\/02\/Preinscripcio_baners_Web_Consorci__Preinscripcio_web_consorci_744x250_SECUNDARIA-1.webp 744w, https:\/\/agora.xtec.cat\/ceiplaromanica\/wp-content\/uploads\/usu1851\/2026\/02\/Preinscripcio_baners_Web_Consorci__Preinscripcio_web_consorci_744x250_SECUNDARIA-1-300x105.webp 300w\" sizes=\"auto, (max-width: 744px) 100vw, 744px\" \/>t de Catalunya<\/a>.<\/p>\n<p>&nbsp;<\/p>\n<p>&nbsp;<\/p>\n<p>&nbsp;<\/p>\n<p>&nbsp;<\/p>\n<p>&nbsp;<\/p>\n<p>&nbsp;<\/p>\n<p>&nbsp;<\/p>\n<ul>\n<li>Publicaci\u00f3 de l&#8217;oferta inicial: <a href=\"https:\/\/agora.xtec.cat\/ceiplaromanica\/wp-content\/uploads\/usu1851\/2026\/02\/INFORME_OFERTA_OME_INFORME_OFERTA.pdf\">INFORME_OFERTA_OME_INFORME_OFERTA<\/a><\/li>\n<li>Publicaci\u00f3 de la llista ordenada amb barems: <a href=\"https:\/\/agora.xtec.cat\/ceiplaromanica\/wp-content\/uploads\/usu1851\/2026\/02\/INFORME_BAREM_RESOLTES_BAREM-23.04.26.pdf\">INFORME_BAREM_RESOLTES_BAREM<\/a><\/li>\n<li>N\u00famero de desempat: 42.129.<\/li>\n<li>Informe de barem definitiu: <a href=\"https:\/\/agora.xtec.cat\/ceiplaromanica\/wp-content\/uploads\/usu1851\/2026\/04\/INFORME_BAREM_DEFINITIU_BAREM-29.04.26.pdf\">INFORME_BAREM_DEFINITIU_BAREM 29.04.26<\/a><\/li>\n<\/ul>\n<p>Per qualsevol altre dubte, podeu contactar directament amb l&#8217;Escola.<\/p>\n","protected":false},"excerpt":{"rendered":"<p>Per qualsevol informaci\u00f3 en relaci\u00f3 al proc\u00e9s de preinscripci\u00f3 de cara al curs 26-27, podeu anar consultant la <a href=\"https:\/\/preinscripcio.gencat.cat\/ca\/inici\/index.html\">p\u00e0gina web de la Generalitat de Catalunya<\/a>.<br \/>\n&nbsp;<br \/>\n&nbsp;<br \/>\n&nbsp;<br \/>\n&nbsp;<br \/>\n&nbsp;<br \/>\n&nbsp;<br \/>\n&nbsp;<\/p>\n<ul>\n<li>Publicaci\u00f3 de l&#8217;oferta inicial: <a href=\"https:\/\/agora.xtec.cat\/ceiplaromanica\/wp-content\/uploads\/usu1851\/2026\/02\/INFORME_OFERTA_OME_INFORME_OFERTA.pdf\">INFORME_OFERTA_OME_INFORME_OFERTA<\/a><\/li>\n<li>Publicaci\u00f3 de la llista ordenada amb barems: <a href=\"https:\/\/agora.xtec.cat\/ceiplaromanica\/wp-content\/uploads\/usu1851\/2026\/02\/INFORME_BAREM_RESOLTES_BAREM-23.04.26.pdf\">INFORME_BAREM_RESOLTES_BAREM<\/a><\/li>\n<li>N\u00famero de desempat: 42.129.<\/li>\n<li>Informe de barem definitiu:&hellip;  <a href=\"https:\/\/agora.xtec.cat\/ceiplaromanica\/general\/preinscripcions-26-27\/\" title=\"Read PREINSCRIPCIONS 26-27\">Llegeix m\u00e9s\u00bb<\/a><br \/>\n","protected":false},"author":1,"featured_media":7121,"comment_status":"open","ping_status":"open","sticky":false,"template":"","format":"standard","meta":{"_bbp_topic_count":0,"_bbp_reply_count":0,"_bbp_total_topic_count":0,"_bbp_total_reply_count":0,"_bbp_voice_count":0,"_bbp_anonymous_reply_count":0,"_bbp_topic_count_hidden":0,"_bbp_reply_count_hidden":0,"_bbp_forum_subforum_count":0,"footnotes":""},"categories":[90,1,96,4],"tags":[],"class_list":["post-7118","post","type-post","status-publish","format-standard","has-post-thumbnail","hentry","category-escola","category-general","category-infantil-i-primaria","category-portada"],"post_mailing_queue_ids":[],"_links":{"self":[{"href":"https:\/\/agora.xtec.cat\/ceiplaromanica\/wp-json\/wp\/v2\/posts\/7118","targetHints":{"allow":["GET"]}}],"collection":[{"href":"https:\/\/agora.xtec.cat\/ceiplaromanica\/wp-json\/wp\/v2\/posts"}],"about":[{"href":"https:\/\/agora.xtec.cat\/ceiplaromanica\/wp-json\/wp\/v2\/types\/post"}],"author":[{"embeddable":true,"href":"https:\/\/agora.xtec.cat\/ceiplaromanica\/wp-json\/wp\/v2\/users\/1"}],"replies":[{"embeddable":true,"href":"https:\/\/agora.xtec.cat\/ceiplaromanica\/wp-json\/wp\/v2\/comments?post=7118"}],"version-history":[{"count":6,"href":"https:\/\/agora.xtec.cat\/ceiplaromanica\/wp-json\/wp\/v2\/posts\/7118\/revisions"}],"predecessor-version":[{"id":7202,"href":"https:\/\/agora.xtec.cat\/ceiplaromanica\/wp-json\/wp\/v2\/posts\/7118\/revisions\/7202"}],"wp:featuredmedia":[{"embeddable":true,"href":"https:\/\/agora.xtec.cat\/ceiplaromanica\/wp-json\/wp\/v2\/media\/7121"}],"wp:attachment":[{"href":"https:\/\/agora.xtec.cat\/ceiplaromanica\/wp-json\/wp\/v2\/media?parent=7118"}],"wp:term":[{"taxonomy":"category","embeddable":true,"href":"https:\/\/agora.xtec.cat\/ceiplaromanica\/wp-json\/wp\/v2\/categories?post=7118"},{"taxonomy":"post_tag","embeddable":true,"href":"https:\/\/agora.xtec.cat\/ceiplaromanica\/wp-json\/wp\/v2\/tags?post=7118"}],"curies":[{"name":"wp","href":"https:\/\/api.w.org\/{rel}","templated":true}]}}