{"id":7115,"date":"2026-02-15T11:31:08","date_gmt":"2026-02-15T10:31:08","guid":{"rendered":"https:\/\/agora.xtec.cat\/ceiplaromanica\/?p=7115"},"modified":"2026-02-15T11:31:08","modified_gmt":"2026-02-15T10:31:08","slug":"servei-de-prestec-de-llibres-a-cm-i-a-cs","status":"publish","type":"post","link":"https:\/\/agora.xtec.cat\/ceiplaromanica\/general\/servei-de-prestec-de-llibres-a-cm-i-a-cs\/","title":{"rendered":"SERVEI DE PR\u00c9STEC DE LLIBRES A CM I A CS"},"content":{"rendered":"<p>El desenvolupament de la compet\u00e8ncia ling\u00fc\u00edstica \u00e9s fonamental per aconseguir l&#8217;\u00e8xit educatiu en els nostres alumnes.<\/p>\n<p>Per aquest motiu, des de la Comissi\u00f3 Ling\u00fc\u00edstica i de Biblioteca de la nostra Escola, s&#8217;ha treballat per poder oferir un servei de pr\u00e9stec de llibres, totalment voluntari, durant el temps d&#8217;esbarjo per als alumnes de cicle mitj\u00e0 i de cicle superior.<\/p>\n<p>L&#8217;objectiu \u00e9s fomentar el gust per la lectura.<\/p>\n<p>Els alumnes disposen del seu carnet de la Biblioteca i poden escollir, d&#8217;entre el exemplars del fons bibliogr\u00e0fic actualitzat amb qu\u00e8 comptem: llibres de coneixement, \u00e0lbums il\u00b7lustrats, contes, c\u00f2mics&#8230;<\/p>\n<p>I \u00e9s que&#8230; tal i com deia Emily Dickinson: &#8220;<span lang=\"ca\">Per viatjar lluny, no hi ha millor nau que un llibre&#8221;<img loading=\"lazy\" decoding=\"async\" class=\"alignleft size-full wp-image-7116\" src=\"https:\/\/agora.xtec.cat\/ceiplaromanica\/wp-content\/uploads\/usu1851\/2026\/02\/Normes-de-prestec_page-0001.jpg\" alt=\"\" width=\"1241\" height=\"1755\" srcset=\"https:\/\/agora.xtec.cat\/ceiplaromanica\/wp-content\/uploads\/usu1851\/2026\/02\/Normes-de-prestec_page-0001.jpg 1241w, https:\/\/agora.xtec.cat\/ceiplaromanica\/wp-content\/uploads\/usu1851\/2026\/02\/Normes-de-prestec_page-0001-212x300.jpg 212w, https:\/\/agora.xtec.cat\/ceiplaromanica\/wp-content\/uploads\/usu1851\/2026\/02\/Normes-de-prestec_page-0001-724x1024.jpg 724w, https:\/\/agora.xtec.cat\/ceiplaromanica\/wp-content\/uploads\/usu1851\/2026\/02\/Normes-de-prestec_page-0001-768x1086.jpg 768w, https:\/\/agora.xtec.cat\/ceiplaromanica\/wp-content\/uploads\/usu1851\/2026\/02\/Normes-de-prestec_page-0001-1086x1536.jpg 1086w\" sizes=\"auto, (max-width: 1241px) 100vw, 1241px\" \/>.<\/span><\/p>\n<p>&nbsp;<\/p>\n","protected":false},"excerpt":{"rendered":"<p>El desenvolupament de la compet\u00e8ncia ling\u00fc\u00edstica \u00e9s fonamental per aconseguir l&#8217;\u00e8xit educatiu en els nostres alumnes.<br \/>\nPer aquest motiu, des de la Comissi\u00f3 Ling\u00fc\u00edstica i de Biblioteca de la nostra Escola, s&#8217;ha treballat per poder oferir un servei de pr\u00e9stec de llibres, totalment voluntari, durant el&hellip;  <a href=\"https:\/\/agora.xtec.cat\/ceiplaromanica\/general\/servei-de-prestec-de-llibres-a-cm-i-a-cs\/\" title=\"Read SERVEI DE PR\u00c9STEC DE LLIBRES A CM I A CS\">Llegeix m\u00e9s\u00bb<\/a><\/p>\n","protected":false},"author":1,"featured_media":7116,"comment_status":"open","ping_status":"open","sticky":false,"template":"","format":"standard","meta":{"_bbp_topic_count":0,"_bbp_reply_count":0,"_bbp_total_topic_count":0,"_bbp_total_reply_count":0,"_bbp_voice_count":0,"_bbp_anonymous_reply_count":0,"_bbp_topic_count_hidden":0,"_bbp_reply_count_hidden":0,"_bbp_forum_subforum_count":0,"footnotes":""},"categories":[90,1,2,96,4,5],"tags":[],"class_list":["post-7115","post","type-post","status-publish","format-standard","has-post-thumbnail","hentry","category-escola","category-general","category-infantil","category-infantil-i-primaria","category-portada","category-primaria"],"post_mailing_queue_ids":[],"_links":{"self":[{"href":"https:\/\/agora.xtec.cat\/ceiplaromanica\/wp-json\/wp\/v2\/posts\/7115","targetHints":{"allow":["GET"]}}],"collection":[{"href":"https:\/\/agora.xtec.cat\/ceiplaromanica\/wp-json\/wp\/v2\/posts"}],"about":[{"href":"https:\/\/agora.xtec.cat\/ceiplaromanica\/wp-json\/wp\/v2\/types\/post"}],"author":[{"embeddable":true,"href":"https:\/\/agora.xtec.cat\/ceiplaromanica\/wp-json\/wp\/v2\/users\/1"}],"replies":[{"embeddable":true,"href":"https:\/\/agora.xtec.cat\/ceiplaromanica\/wp-json\/wp\/v2\/comments?post=7115"}],"version-history":[{"count":1,"href":"https:\/\/agora.xtec.cat\/ceiplaromanica\/wp-json\/wp\/v2\/posts\/7115\/revisions"}],"predecessor-version":[{"id":7117,"href":"https:\/\/agora.xtec.cat\/ceiplaromanica\/wp-json\/wp\/v2\/posts\/7115\/revisions\/7117"}],"wp:featuredmedia":[{"embeddable":true,"href":"https:\/\/agora.xtec.cat\/ceiplaromanica\/wp-json\/wp\/v2\/media\/7116"}],"wp:attachment":[{"href":"https:\/\/agora.xtec.cat\/ceiplaromanica\/wp-json\/wp\/v2\/media?parent=7115"}],"wp:term":[{"taxonomy":"category","embeddable":true,"href":"https:\/\/agora.xtec.cat\/ceiplaromanica\/wp-json\/wp\/v2\/categories?post=7115"},{"taxonomy":"post_tag","embeddable":true,"href":"https:\/\/agora.xtec.cat\/ceiplaromanica\/wp-json\/wp\/v2\/tags?post=7115"}],"curies":[{"name":"wp","href":"https:\/\/api.w.org\/{rel}","templated":true}]}}