{"id":7093,"date":"2026-01-30T17:19:35","date_gmt":"2026-01-30T16:19:35","guid":{"rendered":"https:\/\/agora.xtec.cat\/ceiplaromanica\/?p=7093"},"modified":"2026-01-30T17:19:58","modified_gmt":"2026-01-30T16:19:58","slug":"dia-escolar-de-la-no-violencia-i-la-pau-denip","status":"publish","type":"post","link":"https:\/\/agora.xtec.cat\/ceiplaromanica\/general\/dia-escolar-de-la-no-violencia-i-la-pau-denip\/","title":{"rendered":"DIA ESCOLAR DE LA NO-VIOL\u00c8NCIA I LA PAU (DENIP)"},"content":{"rendered":"<p>Aquesta setmana, a l\u2019Escola, hem treballat qu\u00e8 \u00e9s la <strong>Pau<\/strong>.<\/p>\n<p>Ho hem fet a trav\u00e9s de converses, can\u00e7ons&#8230; Hem compartit idees i valors relacionats amb l&#8217;estima, el respecte, l&#8217;empatia, la toler\u00e0ncia, l\u2019amistat&#8230; que hem anat recollint en una b\u00fastia especial per aquest dia.<\/p>\n<p>I, avui, dia 30 de gener, <strong>Dia de la Pau i la No-viol\u00e8ncia<\/strong> hem llegit un <strong>Manifest per la Pau<\/strong> elaborat a partir de totes les aportacions:<\/p>\n<p><strong>\u25cf La Pau \u00e9s la nostra felicitat i comunitat que ens aporta moltes emocions boniques.<\/strong><\/p>\n<p><strong>\u25cf La Pau serveix per evitar les guerres i els conflictes.<\/strong><\/p>\n<p><strong>\u25cf La Pau transmet molta tranquil\u00b7litat i alegria.<\/strong><\/p>\n<p><strong>\u25cf La Pau serveix per estar en harmonia, que hi hagi solidaritat, no guerres, no-viol\u00e8ncia i no<\/strong><\/p>\n<p><strong>discriminaci\u00f3.<\/strong><\/p>\n<p><strong>\u25cf La Pau \u00e9s l\u2019amor, per estar feli\u00e7, les abra\u00e7ades amb els amics i gaudir de la fam\u00edlia.<\/strong><\/p>\n<p><strong>\u25cf La Pau \u00e9s amor entre les persones i jugar tots junts.<\/strong><\/p>\n<p><strong>\u25cf La Pau serveix per calmar-nos i estar feli\u00e7os.<\/strong><\/p>\n<p><strong>\u25cf La Pau ens permet respectar els drets humans.<\/strong><\/p>\n<p><strong>\u25cf La Pau serveix per perdonar i dialogar amb paci\u00e8ncia i tranquil\u00b7lament.<\/strong><\/p>\n<p><strong>\u25cf La Pau \u00e9s la nostra felicitat i el nostre amor.<\/strong><\/p>\n<p><strong>\u25cf La Pau serveix per parlar pac\u00edficament.<\/strong><\/p>\n<p><strong>\u25cf La Pau serveix perqu\u00e8 ens sentim millor.<\/strong><\/p>\n<p><strong>\u25cf Sense la Pau, hi hauria molts conflictes.<\/strong><\/p>\n<p><strong>\u25cf La Pau \u00e9s amor entre les persones i poder jugar junts.<\/strong><\/p>\n<p><strong>\u25cf La Pau \u00e9s harmonia pel m\u00f3n.<\/strong><\/p>\n<p><strong>\u25cf El dia de la Pau no ha de ser nom\u00e9s un dia, sin\u00f3 cada dia.<\/strong><\/p>\n<p><strong>\u25cf La Pau vol dir ajudar-nos entre tots.<\/strong><\/p>\n<p><strong>\u25cf La Pau \u00e9s estimar i abra\u00e7ar, respectar tothom.<\/strong><\/p>\n<p>Tamb\u00e9 hem recordat alguns <strong>personatges que han lluitat per la pau<\/strong>, com <strong>Mahatma Gandhi<\/strong>, i hem parlat de la import\u00e0ncia d&#8217;aportar el nostre granet de sorra per fer un m\u00f3n millor.<\/p>\n<p>A la tarda, hem compartit un moment molt especial penjant a les parets de les notres portes d&#8217;acc\u00e9s a l&#8217;Escola les <strong>mans que els alumnes han dissenyat amb vosaltres a casa<\/strong>.<\/p>\n<p>Us animem a comentar el dia d&#8217;avui i les diferents activitats que hem portat a terme amb els vostres fills i filles.<\/p>\n<p><strong>&#8220;LA PAU \u00c9S EL CAM\u00cd&#8221;, Mahatma Gandhi<\/strong><\/p>\n<p><img loading=\"lazy\" decoding=\"async\" class=\"alignleft wp-image-7094 size-full\" src=\"https:\/\/agora.xtec.cat\/ceiplaromanica\/wp-content\/uploads\/usu1851\/2026\/01\/1769789504735-e1769789953266.jpg\" alt=\"\" width=\"1000\" height=\"966\" srcset=\"https:\/\/agora.xtec.cat\/ceiplaromanica\/wp-content\/uploads\/usu1851\/2026\/01\/1769789504735-e1769789953266.jpg 1000w, https:\/\/agora.xtec.cat\/ceiplaromanica\/wp-content\/uploads\/usu1851\/2026\/01\/1769789504735-e1769789953266-300x290.jpg 300w, https:\/\/agora.xtec.cat\/ceiplaromanica\/wp-content\/uploads\/usu1851\/2026\/01\/1769789504735-e1769789953266-768x742.jpg 768w\" sizes=\"auto, (max-width: 1000px) 100vw, 1000px\" \/><\/p>\n","protected":false},"excerpt":{"rendered":"<p>Aquesta setmana, a l\u2019Escola, hem treballat qu\u00e8 \u00e9s la Pau.<br \/>\nHo hem fet a trav\u00e9s de converses, can\u00e7ons&#8230; Hem compartit idees i valors relacionats amb l&#8217;estima, el respecte, l&#8217;empatia, la toler\u00e0ncia, l\u2019amistat&#8230; que hem anat recollint en una b\u00fastia especial per aquest dia.<br \/>\nI, avui, dia 30&hellip;  <a href=\"https:\/\/agora.xtec.cat\/ceiplaromanica\/general\/dia-escolar-de-la-no-violencia-i-la-pau-denip\/\" title=\"Read DIA ESCOLAR DE LA NO-VIOL\u00c8NCIA I LA PAU (DENIP)\">Llegeix m\u00e9s\u00bb<\/a><\/p>\n","protected":false},"author":1,"featured_media":7094,"comment_status":"open","ping_status":"open","sticky":false,"template":"","format":"standard","meta":{"_bbp_topic_count":0,"_bbp_reply_count":0,"_bbp_total_topic_count":0,"_bbp_total_reply_count":0,"_bbp_voice_count":0,"_bbp_anonymous_reply_count":0,"_bbp_topic_count_hidden":0,"_bbp_reply_count_hidden":0,"_bbp_forum_subforum_count":0,"footnotes":""},"categories":[90,1,96,4],"tags":[],"class_list":["post-7093","post","type-post","status-publish","format-standard","has-post-thumbnail","hentry","category-escola","category-general","category-infantil-i-primaria","category-portada"],"post_mailing_queue_ids":[],"_links":{"self":[{"href":"https:\/\/agora.xtec.cat\/ceiplaromanica\/wp-json\/wp\/v2\/posts\/7093","targetHints":{"allow":["GET"]}}],"collection":[{"href":"https:\/\/agora.xtec.cat\/ceiplaromanica\/wp-json\/wp\/v2\/posts"}],"about":[{"href":"https:\/\/agora.xtec.cat\/ceiplaromanica\/wp-json\/wp\/v2\/types\/post"}],"author":[{"embeddable":true,"href":"https:\/\/agora.xtec.cat\/ceiplaromanica\/wp-json\/wp\/v2\/users\/1"}],"replies":[{"embeddable":true,"href":"https:\/\/agora.xtec.cat\/ceiplaromanica\/wp-json\/wp\/v2\/comments?post=7093"}],"version-history":[{"count":1,"href":"https:\/\/agora.xtec.cat\/ceiplaromanica\/wp-json\/wp\/v2\/posts\/7093\/revisions"}],"predecessor-version":[{"id":7095,"href":"https:\/\/agora.xtec.cat\/ceiplaromanica\/wp-json\/wp\/v2\/posts\/7093\/revisions\/7095"}],"wp:featuredmedia":[{"embeddable":true,"href":"https:\/\/agora.xtec.cat\/ceiplaromanica\/wp-json\/wp\/v2\/media\/7094"}],"wp:attachment":[{"href":"https:\/\/agora.xtec.cat\/ceiplaromanica\/wp-json\/wp\/v2\/media?parent=7093"}],"wp:term":[{"taxonomy":"category","embeddable":true,"href":"https:\/\/agora.xtec.cat\/ceiplaromanica\/wp-json\/wp\/v2\/categories?post=7093"},{"taxonomy":"post_tag","embeddable":true,"href":"https:\/\/agora.xtec.cat\/ceiplaromanica\/wp-json\/wp\/v2\/tags?post=7093"}],"curies":[{"name":"wp","href":"https:\/\/api.w.org\/{rel}","templated":true}]}}