{"id":7078,"date":"2026-01-20T12:44:38","date_gmt":"2026-01-20T11:44:38","guid":{"rendered":"https:\/\/agora.xtec.cat\/ceiplaromanica\/?p=7078"},"modified":"2026-01-21T09:35:09","modified_gmt":"2026-01-21T08:35:09","slug":"4t-capses-daprenentatge","status":"publish","type":"post","link":"https:\/\/agora.xtec.cat\/ceiplaromanica\/general\/4t-capses-daprenentatge\/","title":{"rendered":"3r i 4t &#8211; CAPSES D&#8217;APRENENTATGE"},"content":{"rendered":"<p>Hola fam\u00edlies,<\/p>\n<p>Hem comen\u00e7at el segon trimestre amb moltes ganes, il\u00b7lusi\u00f3 i molta for\u00e7a! \ud83d\udcaa\u2728<\/p>\n<p>A l\u2019\u00e0rea de medi, continuem treballant amb les capses, explorant, experimentant i deixant volar la imaginaci\u00f3 dels infants. A trav\u00e9s d\u2019aquesta proposta, els nens i nenes aprenen tot jugant, creant i compartint moments molt especials.<\/p>\n<p>Aqu\u00ed us deixem unes imatges perqu\u00e8 pugueu veure com ho fem i com de b\u00e9 s\u2019ho passen mentre aprenen. \ud83d\udcf8\ud83d\ude0a<\/p>\n<p>Gr\u00e0cies per la vostra confian\u00e7a i per acompanyar-nos en aquest cam\u00ed!<\/p>\n<p>&nbsp;<\/p>\n<p><a href=\"https:\/\/agora.xtec.cat\/ceiplaromanica\/wp-content\/uploads\/usu1851\/2026\/01\/604b2654-89ff-4de2-bfd5-100ad0527023-scaled.jpg\"><img loading=\"lazy\" decoding=\"async\" class=\"alignnone size-large wp-image-7079\" src=\"https:\/\/agora.xtec.cat\/ceiplaromanica\/wp-content\/uploads\/usu1851\/2026\/01\/604b2654-89ff-4de2-bfd5-100ad0527023-1024x768.jpg\" alt=\"\" width=\"1024\" height=\"768\" srcset=\"https:\/\/agora.xtec.cat\/ceiplaromanica\/wp-content\/uploads\/usu1851\/2026\/01\/604b2654-89ff-4de2-bfd5-100ad0527023-1024x768.jpg 1024w, https:\/\/agora.xtec.cat\/ceiplaromanica\/wp-content\/uploads\/usu1851\/2026\/01\/604b2654-89ff-4de2-bfd5-100ad0527023-300x225.jpg 300w, https:\/\/agora.xtec.cat\/ceiplaromanica\/wp-content\/uploads\/usu1851\/2026\/01\/604b2654-89ff-4de2-bfd5-100ad0527023-768x576.jpg 768w, https:\/\/agora.xtec.cat\/ceiplaromanica\/wp-content\/uploads\/usu1851\/2026\/01\/604b2654-89ff-4de2-bfd5-100ad0527023-1536x1152.jpg 1536w, https:\/\/agora.xtec.cat\/ceiplaromanica\/wp-content\/uploads\/usu1851\/2026\/01\/604b2654-89ff-4de2-bfd5-100ad0527023-2048x1536.jpg 2048w, https:\/\/agora.xtec.cat\/ceiplaromanica\/wp-content\/uploads\/usu1851\/2026\/01\/604b2654-89ff-4de2-bfd5-100ad0527023-200x150.jpg 200w\" sizes=\"auto, (max-width: 1024px) 100vw, 1024px\" \/><\/a><\/p>\n<p><a href=\"https:\/\/agora.xtec.cat\/ceiplaromanica\/wp-content\/uploads\/usu1851\/2026\/01\/3b4eb8fb-f16f-42bb-a9c6-9e7f6759ff65.jpg\"><img loading=\"lazy\" decoding=\"async\" class=\"alignnone size-large wp-image-7081\" src=\"https:\/\/agora.xtec.cat\/ceiplaromanica\/wp-content\/uploads\/usu1851\/2026\/01\/3b4eb8fb-f16f-42bb-a9c6-9e7f6759ff65-1024x768.jpg\" alt=\"\" width=\"1024\" height=\"768\" srcset=\"https:\/\/agora.xtec.cat\/ceiplaromanica\/wp-content\/uploads\/usu1851\/2026\/01\/3b4eb8fb-f16f-42bb-a9c6-9e7f6759ff65-1024x768.jpg 1024w, https:\/\/agora.xtec.cat\/ceiplaromanica\/wp-content\/uploads\/usu1851\/2026\/01\/3b4eb8fb-f16f-42bb-a9c6-9e7f6759ff65-300x225.jpg 300w, https:\/\/agora.xtec.cat\/ceiplaromanica\/wp-content\/uploads\/usu1851\/2026\/01\/3b4eb8fb-f16f-42bb-a9c6-9e7f6759ff65-768x576.jpg 768w, https:\/\/agora.xtec.cat\/ceiplaromanica\/wp-content\/uploads\/usu1851\/2026\/01\/3b4eb8fb-f16f-42bb-a9c6-9e7f6759ff65-1536x1152.jpg 1536w, https:\/\/agora.xtec.cat\/ceiplaromanica\/wp-content\/uploads\/usu1851\/2026\/01\/3b4eb8fb-f16f-42bb-a9c6-9e7f6759ff65-200x150.jpg 200w, https:\/\/agora.xtec.cat\/ceiplaromanica\/wp-content\/uploads\/usu1851\/2026\/01\/3b4eb8fb-f16f-42bb-a9c6-9e7f6759ff65.jpg 2000w\" sizes=\"auto, (max-width: 1024px) 100vw, 1024px\" \/><\/a> <a href=\"https:\/\/agora.xtec.cat\/ceiplaromanica\/wp-content\/uploads\/usu1851\/2026\/01\/IMG_9547.heic\"><img loading=\"lazy\" decoding=\"async\" class=\"alignnone size-large wp-image-7082\" src=\"https:\/\/agora.xtec.cat\/ceiplaromanica\/wp-content\/uploads\/usu1851\/2026\/01\/IMG_9547.heic\" alt=\"\" width=\"1\" height=\"1\" \/><\/a> <a href=\"https:\/\/agora.xtec.cat\/ceiplaromanica\/wp-content\/uploads\/usu1851\/2026\/01\/01888915-2aa1-402e-a6a0-37a1684e3d1f.jpg\"><img loading=\"lazy\" decoding=\"async\" class=\"alignnone size-large wp-image-7083\" src=\"https:\/\/agora.xtec.cat\/ceiplaromanica\/wp-content\/uploads\/usu1851\/2026\/01\/01888915-2aa1-402e-a6a0-37a1684e3d1f-768x1024.jpg\" alt=\"\" width=\"768\" height=\"1024\" srcset=\"https:\/\/agora.xtec.cat\/ceiplaromanica\/wp-content\/uploads\/usu1851\/2026\/01\/01888915-2aa1-402e-a6a0-37a1684e3d1f-768x1024.jpg 768w, https:\/\/agora.xtec.cat\/ceiplaromanica\/wp-content\/uploads\/usu1851\/2026\/01\/01888915-2aa1-402e-a6a0-37a1684e3d1f-225x300.jpg 225w, https:\/\/agora.xtec.cat\/ceiplaromanica\/wp-content\/uploads\/usu1851\/2026\/01\/01888915-2aa1-402e-a6a0-37a1684e3d1f-1152x1536.jpg 1152w, https:\/\/agora.xtec.cat\/ceiplaromanica\/wp-content\/uploads\/usu1851\/2026\/01\/01888915-2aa1-402e-a6a0-37a1684e3d1f.jpg 1536w\" sizes=\"auto, (max-width: 768px) 100vw, 768px\" \/><\/a><\/p>\n<p>&nbsp;<\/p>\n","protected":false},"excerpt":{"rendered":"<p>Hola fam\u00edlies,<br \/>\nHem comen\u00e7at el segon trimestre amb moltes ganes, il\u00b7lusi\u00f3 i molta for\u00e7a! \ud83d\udcaa\u2728<br \/>\nA l\u2019\u00e0rea de medi, continuem treballant amb les capses, explorant, experimentant i deixant volar la imaginaci\u00f3 dels infants. A trav\u00e9s d\u2019aquesta proposta, els nens i nenes aprenen tot jugant, creant i compartint&hellip;  <a href=\"https:\/\/agora.xtec.cat\/ceiplaromanica\/general\/4t-capses-daprenentatge\/\" title=\"Read 3r i 4t &#8211; CAPSES D&#8217;APRENENTATGE\">Llegeix m\u00e9s\u00bb<\/a><\/p>\n","protected":false},"author":21,"featured_media":7083,"comment_status":"open","ping_status":"open","sticky":false,"template":"","format":"standard","meta":{"_bbp_topic_count":0,"_bbp_reply_count":0,"_bbp_total_topic_count":0,"_bbp_total_reply_count":0,"_bbp_voice_count":0,"_bbp_anonymous_reply_count":0,"_bbp_topic_count_hidden":0,"_bbp_reply_count_hidden":0,"_bbp_forum_subforum_count":0,"footnotes":""},"categories":[13,90,1,96,4],"tags":[],"class_list":["post-7078","post","type-post","status-publish","format-standard","has-post-thumbnail","hentry","category-4t","category-escola","category-general","category-infantil-i-primaria","category-portada"],"post_mailing_queue_ids":[],"_links":{"self":[{"href":"https:\/\/agora.xtec.cat\/ceiplaromanica\/wp-json\/wp\/v2\/posts\/7078","targetHints":{"allow":["GET"]}}],"collection":[{"href":"https:\/\/agora.xtec.cat\/ceiplaromanica\/wp-json\/wp\/v2\/posts"}],"about":[{"href":"https:\/\/agora.xtec.cat\/ceiplaromanica\/wp-json\/wp\/v2\/types\/post"}],"author":[{"embeddable":true,"href":"https:\/\/agora.xtec.cat\/ceiplaromanica\/wp-json\/wp\/v2\/users\/21"}],"replies":[{"embeddable":true,"href":"https:\/\/agora.xtec.cat\/ceiplaromanica\/wp-json\/wp\/v2\/comments?post=7078"}],"version-history":[{"count":2,"href":"https:\/\/agora.xtec.cat\/ceiplaromanica\/wp-json\/wp\/v2\/posts\/7078\/revisions"}],"predecessor-version":[{"id":7085,"href":"https:\/\/agora.xtec.cat\/ceiplaromanica\/wp-json\/wp\/v2\/posts\/7078\/revisions\/7085"}],"wp:featuredmedia":[{"embeddable":true,"href":"https:\/\/agora.xtec.cat\/ceiplaromanica\/wp-json\/wp\/v2\/media\/7083"}],"wp:attachment":[{"href":"https:\/\/agora.xtec.cat\/ceiplaromanica\/wp-json\/wp\/v2\/media?parent=7078"}],"wp:term":[{"taxonomy":"category","embeddable":true,"href":"https:\/\/agora.xtec.cat\/ceiplaromanica\/wp-json\/wp\/v2\/categories?post=7078"},{"taxonomy":"post_tag","embeddable":true,"href":"https:\/\/agora.xtec.cat\/ceiplaromanica\/wp-json\/wp\/v2\/tags?post=7078"}],"curies":[{"name":"wp","href":"https:\/\/api.w.org\/{rel}","templated":true}]}}