{"id":7064,"date":"2026-01-16T09:00:24","date_gmt":"2026-01-16T08:00:24","guid":{"rendered":"https:\/\/agora.xtec.cat\/ceiplaromanica\/?p=7064"},"modified":"2026-01-16T14:05:08","modified_gmt":"2026-01-16T13:05:08","slug":"6e-activitat-basquet-adaptat","status":"publish","type":"post","link":"https:\/\/agora.xtec.cat\/ceiplaromanica\/portada\/6e-activitat-basquet-adaptat\/","title":{"rendered":"6\u00e8 ACTIVITAT DE B\u00c0SQUET ADAPTAT"},"content":{"rendered":"<p><span style=\"font-family: inherit; font-size: 1em;\">El passat divendres 9 de gener, els alumnes de 6\u00e8 de Prim\u00e0ria van viure una experi\u00e8ncia molt especial gr\u00e0cies a la visita de dues noies de la Fundaci\u00f3 Bar\u00e7a. Durant la sessi\u00f3, van fer una activitat pr\u00e0ctica i de conscienciaci\u00f3 sobre l\u2019esport adaptat, centrada en el b\u00e0squet en cadira de rodes.<\/span><\/p>\n<p><span style=\"font-weight: 400;\">Els nens i nenes van poder posar-se a la pell de les persones que practiquen aquest esport, provant les cadires i participant en diferents jocs. L\u2019activitat va servir per reflexionar sobre valors tan importants com la inclusi\u00f3, l\u2019esfor\u00e7 i el respecte, tot gaudint de l\u2019esport d\u2019una manera diferent.<\/span><\/p>\n<p><span style=\"font-weight: 400;\">Va ser una jornada molt enriquidora i divertida que segur que no oblidaran!<\/span><\/p>\n<p><span style=\"font-weight: 400;\"><a href=\"https:\/\/agora.xtec.cat\/ceiplaromanica\/wp-content\/uploads\/usu1851\/2026\/01\/Imatge-15-1-26-a-les-21.35-1.jpeg\"><img loading=\"lazy\" decoding=\"async\" class=\"alignnone size-large wp-image-7071\" src=\"https:\/\/agora.xtec.cat\/ceiplaromanica\/wp-content\/uploads\/usu1851\/2026\/01\/Imatge-15-1-26-a-les-21.35-1-1024x861.jpeg\" alt=\"\" width=\"1024\" height=\"861\" srcset=\"https:\/\/agora.xtec.cat\/ceiplaromanica\/wp-content\/uploads\/usu1851\/2026\/01\/Imatge-15-1-26-a-les-21.35-1-1024x861.jpeg 1024w, https:\/\/agora.xtec.cat\/ceiplaromanica\/wp-content\/uploads\/usu1851\/2026\/01\/Imatge-15-1-26-a-les-21.35-1-300x252.jpeg 300w, https:\/\/agora.xtec.cat\/ceiplaromanica\/wp-content\/uploads\/usu1851\/2026\/01\/Imatge-15-1-26-a-les-21.35-1-768x646.jpeg 768w, https:\/\/agora.xtec.cat\/ceiplaromanica\/wp-content\/uploads\/usu1851\/2026\/01\/Imatge-15-1-26-a-les-21.35-1.jpeg 1134w\" sizes=\"auto, (max-width: 1024px) 100vw, 1024px\" \/><\/a> <a href=\"https:\/\/agora.xtec.cat\/ceiplaromanica\/wp-content\/uploads\/usu1851\/2026\/01\/Imatge-15-1-26-a-les-21.35.jpeg\"><img loading=\"lazy\" decoding=\"async\" class=\"alignnone size-large wp-image-7072\" src=\"https:\/\/agora.xtec.cat\/ceiplaromanica\/wp-content\/uploads\/usu1851\/2026\/01\/Imatge-15-1-26-a-les-21.35-994x1024.jpeg\" alt=\"\" width=\"994\" height=\"1024\" srcset=\"https:\/\/agora.xtec.cat\/ceiplaromanica\/wp-content\/uploads\/usu1851\/2026\/01\/Imatge-15-1-26-a-les-21.35-994x1024.jpeg 994w, https:\/\/agora.xtec.cat\/ceiplaromanica\/wp-content\/uploads\/usu1851\/2026\/01\/Imatge-15-1-26-a-les-21.35-291x300.jpeg 291w, https:\/\/agora.xtec.cat\/ceiplaromanica\/wp-content\/uploads\/usu1851\/2026\/01\/Imatge-15-1-26-a-les-21.35-768x791.jpeg 768w, https:\/\/agora.xtec.cat\/ceiplaromanica\/wp-content\/uploads\/usu1851\/2026\/01\/Imatge-15-1-26-a-les-21.35.jpeg 1140w\" sizes=\"auto, (max-width: 994px) 100vw, 994px\" \/><\/a> <a href=\"https:\/\/agora.xtec.cat\/ceiplaromanica\/wp-content\/uploads\/usu1851\/2026\/01\/Imatge-15-1-26-a-les-21.34-1.jpeg\"><img loading=\"lazy\" decoding=\"async\" class=\"alignnone size-large wp-image-7073\" src=\"https:\/\/agora.xtec.cat\/ceiplaromanica\/wp-content\/uploads\/usu1851\/2026\/01\/Imatge-15-1-26-a-les-21.34-1-870x1024.jpeg\" alt=\"\" width=\"870\" height=\"1024\" srcset=\"https:\/\/agora.xtec.cat\/ceiplaromanica\/wp-content\/uploads\/usu1851\/2026\/01\/Imatge-15-1-26-a-les-21.34-1-870x1024.jpeg 870w, https:\/\/agora.xtec.cat\/ceiplaromanica\/wp-content\/uploads\/usu1851\/2026\/01\/Imatge-15-1-26-a-les-21.34-1-255x300.jpeg 255w, https:\/\/agora.xtec.cat\/ceiplaromanica\/wp-content\/uploads\/usu1851\/2026\/01\/Imatge-15-1-26-a-les-21.34-1-768x904.jpeg 768w, https:\/\/agora.xtec.cat\/ceiplaromanica\/wp-content\/uploads\/usu1851\/2026\/01\/Imatge-15-1-26-a-les-21.34-1.jpeg 1086w\" sizes=\"auto, (max-width: 870px) 100vw, 870px\" \/><\/a><\/span><\/p>\n<p>&nbsp;<\/p>\n","protected":false},"excerpt":{"rendered":"<p>El passat divendres 9 de gener, els alumnes de 6\u00e8 de Prim\u00e0ria van viure una experi\u00e8ncia molt especial gr\u00e0cies a la visita de dues noies de la Fundaci\u00f3 Bar\u00e7a. Durant la sessi\u00f3, van fer una activitat pr\u00e0ctica i de conscienciaci\u00f3 sobre l\u2019esport adaptat, centrada en&hellip;  <a href=\"https:\/\/agora.xtec.cat\/ceiplaromanica\/portada\/6e-activitat-basquet-adaptat\/\" title=\"Read 6\u00e8 ACTIVITAT DE B\u00c0SQUET ADAPTAT\">Llegeix m\u00e9s\u00bb<\/a><\/p>\n","protected":false},"author":21,"featured_media":7073,"comment_status":"open","ping_status":"open","sticky":false,"template":"","format":"standard","meta":{"_bbp_topic_count":0,"_bbp_reply_count":0,"_bbp_total_topic_count":0,"_bbp_total_reply_count":0,"_bbp_voice_count":0,"_bbp_anonymous_reply_count":0,"_bbp_topic_count_hidden":0,"_bbp_reply_count_hidden":0,"_bbp_forum_subforum_count":0,"footnotes":""},"categories":[15,4,5],"tags":[],"class_list":["post-7064","post","type-post","status-publish","format-standard","has-post-thumbnail","hentry","category-6e","category-portada","category-primaria"],"post_mailing_queue_ids":[],"_links":{"self":[{"href":"https:\/\/agora.xtec.cat\/ceiplaromanica\/wp-json\/wp\/v2\/posts\/7064","targetHints":{"allow":["GET"]}}],"collection":[{"href":"https:\/\/agora.xtec.cat\/ceiplaromanica\/wp-json\/wp\/v2\/posts"}],"about":[{"href":"https:\/\/agora.xtec.cat\/ceiplaromanica\/wp-json\/wp\/v2\/types\/post"}],"author":[{"embeddable":true,"href":"https:\/\/agora.xtec.cat\/ceiplaromanica\/wp-json\/wp\/v2\/users\/21"}],"replies":[{"embeddable":true,"href":"https:\/\/agora.xtec.cat\/ceiplaromanica\/wp-json\/wp\/v2\/comments?post=7064"}],"version-history":[{"count":3,"href":"https:\/\/agora.xtec.cat\/ceiplaromanica\/wp-json\/wp\/v2\/posts\/7064\/revisions"}],"predecessor-version":[{"id":7076,"href":"https:\/\/agora.xtec.cat\/ceiplaromanica\/wp-json\/wp\/v2\/posts\/7064\/revisions\/7076"}],"wp:featuredmedia":[{"embeddable":true,"href":"https:\/\/agora.xtec.cat\/ceiplaromanica\/wp-json\/wp\/v2\/media\/7073"}],"wp:attachment":[{"href":"https:\/\/agora.xtec.cat\/ceiplaromanica\/wp-json\/wp\/v2\/media?parent=7064"}],"wp:term":[{"taxonomy":"category","embeddable":true,"href":"https:\/\/agora.xtec.cat\/ceiplaromanica\/wp-json\/wp\/v2\/categories?post=7064"},{"taxonomy":"post_tag","embeddable":true,"href":"https:\/\/agora.xtec.cat\/ceiplaromanica\/wp-json\/wp\/v2\/tags?post=7064"}],"curies":[{"name":"wp","href":"https:\/\/api.w.org\/{rel}","templated":true}]}}