{"id":7038,"date":"2025-12-19T09:00:56","date_gmt":"2025-12-19T08:00:56","guid":{"rendered":"https:\/\/agora.xtec.cat\/ceiplaromanica\/?p=7038"},"modified":"2025-12-18T13:33:56","modified_gmt":"2025-12-18T12:33:56","slug":"radio-romanica-rr-programa-7-i-8","status":"publish","type":"post","link":"https:\/\/agora.xtec.cat\/ceiplaromanica\/general\/radio-romanica-rr-programa-7-i-8\/","title":{"rendered":"R\u00c0DIO ROM\u00c0NICA R&#038;R: PROGRAMA 7 I 8"},"content":{"rendered":"<p>Seguim treballant la compet\u00e8ncia ling\u00fc\u00edstica de manera funcional, significativa i engrescadora amb el nostre Projecte de R\u00e0dio R&amp;R.<\/p>\n<p>Us compartim el Programa 6 i 7 que han elaborat els alumnes de 5\u00e8 i de 6\u00e8 aquest primer trimestre.<\/p>\n<p>R\u00e0dio Rom\u00e0nica episodi 6:<\/p>\n<!--[if lt IE 9]><script>document.createElement('audio');<\/script><![endif]-->\n<audio class=\"wp-audio-shortcode\" id=\"audio-7038-1\" preload=\"none\" style=\"width: 100%;\" controls=\"controls\"><source type=\"audio\/mpeg\" src=\"https:\/\/agora.xtec.cat\/ceiplaromanica\/wp-content\/uploads\/usu1851\/2025\/12\/drets-infants.mp3?_=1\" \/><a href=\"https:\/\/agora.xtec.cat\/ceiplaromanica\/wp-content\/uploads\/usu1851\/2025\/12\/drets-infants.mp3\">https:\/\/agora.xtec.cat\/ceiplaromanica\/wp-content\/uploads\/usu1851\/2025\/12\/drets-infants.mp3<\/a><\/audio>\n<p>R\u00e0dio Rom\u00e0nica episodi 7:<\/p>\n<audio class=\"wp-audio-shortcode\" id=\"audio-7038-2\" preload=\"none\" style=\"width: 100%;\" controls=\"controls\"><source type=\"audio\/mpeg\" src=\"https:\/\/agora.xtec.cat\/ceiplaromanica\/wp-content\/uploads\/usu1851\/2025\/12\/nadal.mp3?_=2\" \/><a href=\"https:\/\/agora.xtec.cat\/ceiplaromanica\/wp-content\/uploads\/usu1851\/2025\/12\/nadal.mp3\">https:\/\/agora.xtec.cat\/ceiplaromanica\/wp-content\/uploads\/usu1851\/2025\/12\/nadal.mp3<\/a><\/audio>\n","protected":false},"excerpt":{"rendered":"<p>Seguim treballant la compet\u00e8ncia ling\u00fc\u00edstica de manera funcional, significativa i engrescadora amb el nostre Projecte de R\u00e0dio R&amp;R.<br \/>\nUs compartim el Programa 6 i 7 que han elaborat els alumnes de 5\u00e8 i de 6\u00e8 aquest primer trimestre.<br \/>\nR\u00e0dio Rom\u00e0nica episodi 6:<br \/>\n<a href=\"https:\/\/agora.xtec.cat\/ceiplaromanica\/wp-content\/uploads\/usu1851\/2025\/12\/drets-infants.mp3\">https:\/\/agora.xtec.cat\/ceiplaromanica\/wp-content\/uploads\/usu1851\/2025\/12\/drets-infants.mp3<\/a><br \/>\nR\u00e0dio Rom\u00e0nica episodi 7:<br \/>\n<a href=\"https:\/\/agora.xtec.cat\/ceiplaromanica\/wp-content\/uploads\/usu1851\/2025\/12\/nadal.mp3\">https:\/\/agora.xtec.cat\/ceiplaromanica\/wp-content\/uploads\/usu1851\/2025\/12\/nadal.mp3<\/a><\/p>\n","protected":false},"author":1,"featured_media":7041,"comment_status":"open","ping_status":"open","sticky":false,"template":"","format":"standard","meta":{"_bbp_topic_count":0,"_bbp_reply_count":0,"_bbp_total_topic_count":0,"_bbp_total_reply_count":0,"_bbp_voice_count":0,"_bbp_anonymous_reply_count":0,"_bbp_topic_count_hidden":0,"_bbp_reply_count_hidden":0,"_bbp_forum_subforum_count":0,"footnotes":""},"categories":[90,1,2,96,4,5],"tags":[],"class_list":["post-7038","post","type-post","status-publish","format-standard","has-post-thumbnail","hentry","category-escola","category-general","category-infantil","category-infantil-i-primaria","category-portada","category-primaria"],"post_mailing_queue_ids":[],"_links":{"self":[{"href":"https:\/\/agora.xtec.cat\/ceiplaromanica\/wp-json\/wp\/v2\/posts\/7038","targetHints":{"allow":["GET"]}}],"collection":[{"href":"https:\/\/agora.xtec.cat\/ceiplaromanica\/wp-json\/wp\/v2\/posts"}],"about":[{"href":"https:\/\/agora.xtec.cat\/ceiplaromanica\/wp-json\/wp\/v2\/types\/post"}],"author":[{"embeddable":true,"href":"https:\/\/agora.xtec.cat\/ceiplaromanica\/wp-json\/wp\/v2\/users\/1"}],"replies":[{"embeddable":true,"href":"https:\/\/agora.xtec.cat\/ceiplaromanica\/wp-json\/wp\/v2\/comments?post=7038"}],"version-history":[{"count":2,"href":"https:\/\/agora.xtec.cat\/ceiplaromanica\/wp-json\/wp\/v2\/posts\/7038\/revisions"}],"predecessor-version":[{"id":7043,"href":"https:\/\/agora.xtec.cat\/ceiplaromanica\/wp-json\/wp\/v2\/posts\/7038\/revisions\/7043"}],"wp:featuredmedia":[{"embeddable":true,"href":"https:\/\/agora.xtec.cat\/ceiplaromanica\/wp-json\/wp\/v2\/media\/7041"}],"wp:attachment":[{"href":"https:\/\/agora.xtec.cat\/ceiplaromanica\/wp-json\/wp\/v2\/media?parent=7038"}],"wp:term":[{"taxonomy":"category","embeddable":true,"href":"https:\/\/agora.xtec.cat\/ceiplaromanica\/wp-json\/wp\/v2\/categories?post=7038"},{"taxonomy":"post_tag","embeddable":true,"href":"https:\/\/agora.xtec.cat\/ceiplaromanica\/wp-json\/wp\/v2\/tags?post=7038"}],"curies":[{"name":"wp","href":"https:\/\/api.w.org\/{rel}","templated":true}]}}