{"id":7000,"date":"2025-12-08T19:29:08","date_gmt":"2025-12-08T18:29:08","guid":{"rendered":"https:\/\/agora.xtec.cat\/ceiplaromanica\/?p=7000"},"modified":"2025-12-08T19:29:13","modified_gmt":"2025-12-08T18:29:13","slug":"celebrem-el-dia-dels-musics","status":"publish","type":"post","link":"https:\/\/agora.xtec.cat\/ceiplaromanica\/general\/celebrem-el-dia-dels-musics\/","title":{"rendered":"CELEBREM EL DIA DELS M\u00daSICS"},"content":{"rendered":"<p><span style=\"font-weight: 400;\">El divendres dia 21 de novembre vam celebrar el Concert de Santa Cec\u00edlia, el Dia dels M\u00fasics, amb una actuaci\u00f3 molt especial. <\/span><\/p>\n<p><span style=\"font-weight: 400;\">Tot l\u2019alumnat hi va participar amb molta il\u00b7lusi\u00f3 i vam poder compartir la m\u00fasica des de diferents \u00f2ptiques.<\/span><\/p>\n<p><span style=\"font-weight: 400;\">Ho vam passar d\u2019all\u00f2 m\u00e9s b\u00e9 dansant, tocant diferents instruments, cantant&#8230;<\/span><\/p>\n<p><span style=\"font-weight: 400;\">A m\u00e9s a m\u00e9s, vam podem comptar amb uns magn\u00edfics presentadors: els companys m\u00e9s grans de l&#8217;Escola, que ens van anar explicant, detalladament, les diferents actuacions. <\/span><\/p>\n<p><span style=\"font-weight: 400;\">Ens van animar molt!<\/span><\/p>\n<p><span style=\"font-weight: 400;\"><img loading=\"lazy\" decoding=\"async\" class=\"alignleft wp-image-7001 size-full\" src=\"https:\/\/agora.xtec.cat\/ceiplaromanica\/wp-content\/uploads\/usu1851\/2025\/12\/foto-10-e1765218184791.jpeg\" alt=\"\" width=\"1717\" height=\"810\" srcset=\"https:\/\/agora.xtec.cat\/ceiplaromanica\/wp-content\/uploads\/usu1851\/2025\/12\/foto-10-e1765218184791.jpeg 1717w, https:\/\/agora.xtec.cat\/ceiplaromanica\/wp-content\/uploads\/usu1851\/2025\/12\/foto-10-e1765218184791-300x142.jpeg 300w, https:\/\/agora.xtec.cat\/ceiplaromanica\/wp-content\/uploads\/usu1851\/2025\/12\/foto-10-e1765218184791-1024x483.jpeg 1024w, https:\/\/agora.xtec.cat\/ceiplaromanica\/wp-content\/uploads\/usu1851\/2025\/12\/foto-10-e1765218184791-768x362.jpeg 768w, https:\/\/agora.xtec.cat\/ceiplaromanica\/wp-content\/uploads\/usu1851\/2025\/12\/foto-10-e1765218184791-1536x725.jpeg 1536w\" sizes=\"auto, (max-width: 1717px) 100vw, 1717px\" \/> <img loading=\"lazy\" decoding=\"async\" class=\"alignleft wp-image-7002 size-full\" src=\"https:\/\/agora.xtec.cat\/ceiplaromanica\/wp-content\/uploads\/usu1851\/2025\/12\/foto-9-e1765218209925.jpeg\" alt=\"\" width=\"1882\" height=\"648\" srcset=\"https:\/\/agora.xtec.cat\/ceiplaromanica\/wp-content\/uploads\/usu1851\/2025\/12\/foto-9-e1765218209925.jpeg 1882w, https:\/\/agora.xtec.cat\/ceiplaromanica\/wp-content\/uploads\/usu1851\/2025\/12\/foto-9-e1765218209925-300x103.jpeg 300w, https:\/\/agora.xtec.cat\/ceiplaromanica\/wp-content\/uploads\/usu1851\/2025\/12\/foto-9-e1765218209925-1024x353.jpeg 1024w, https:\/\/agora.xtec.cat\/ceiplaromanica\/wp-content\/uploads\/usu1851\/2025\/12\/foto-9-e1765218209925-768x264.jpeg 768w, https:\/\/agora.xtec.cat\/ceiplaromanica\/wp-content\/uploads\/usu1851\/2025\/12\/foto-9-e1765218209925-1536x529.jpeg 1536w\" sizes=\"auto, (max-width: 1882px) 100vw, 1882px\" \/> <img loading=\"lazy\" decoding=\"async\" class=\"alignleft wp-image-7003 size-full\" src=\"https:\/\/agora.xtec.cat\/ceiplaromanica\/wp-content\/uploads\/usu1851\/2025\/12\/foto-7-e1765218233471.jpeg\" alt=\"\" width=\"1700\" height=\"722\" srcset=\"https:\/\/agora.xtec.cat\/ceiplaromanica\/wp-content\/uploads\/usu1851\/2025\/12\/foto-7-e1765218233471.jpeg 1700w, https:\/\/agora.xtec.cat\/ceiplaromanica\/wp-content\/uploads\/usu1851\/2025\/12\/foto-7-e1765218233471-300x127.jpeg 300w, https:\/\/agora.xtec.cat\/ceiplaromanica\/wp-content\/uploads\/usu1851\/2025\/12\/foto-7-e1765218233471-1024x435.jpeg 1024w, https:\/\/agora.xtec.cat\/ceiplaromanica\/wp-content\/uploads\/usu1851\/2025\/12\/foto-7-e1765218233471-768x326.jpeg 768w, https:\/\/agora.xtec.cat\/ceiplaromanica\/wp-content\/uploads\/usu1851\/2025\/12\/foto-7-e1765218233471-1536x652.jpeg 1536w\" sizes=\"auto, (max-width: 1700px) 100vw, 1700px\" \/> <img loading=\"lazy\" decoding=\"async\" class=\"alignleft wp-image-7004 size-full\" src=\"https:\/\/agora.xtec.cat\/ceiplaromanica\/wp-content\/uploads\/usu1851\/2025\/12\/foto-6-scaled-e1765218250702.jpeg\" alt=\"\" width=\"2560\" height=\"1165\" srcset=\"https:\/\/agora.xtec.cat\/ceiplaromanica\/wp-content\/uploads\/usu1851\/2025\/12\/foto-6-scaled-e1765218250702.jpeg 2560w, https:\/\/agora.xtec.cat\/ceiplaromanica\/wp-content\/uploads\/usu1851\/2025\/12\/foto-6-scaled-e1765218250702-300x137.jpeg 300w, https:\/\/agora.xtec.cat\/ceiplaromanica\/wp-content\/uploads\/usu1851\/2025\/12\/foto-6-scaled-e1765218250702-1024x466.jpeg 1024w, https:\/\/agora.xtec.cat\/ceiplaromanica\/wp-content\/uploads\/usu1851\/2025\/12\/foto-6-scaled-e1765218250702-768x350.jpeg 768w, https:\/\/agora.xtec.cat\/ceiplaromanica\/wp-content\/uploads\/usu1851\/2025\/12\/foto-6-scaled-e1765218250702-1536x699.jpeg 1536w, https:\/\/agora.xtec.cat\/ceiplaromanica\/wp-content\/uploads\/usu1851\/2025\/12\/foto-6-scaled-e1765218250702-2048x932.jpeg 2048w\" sizes=\"auto, (max-width: 2560px) 100vw, 2560px\" \/> <img loading=\"lazy\" decoding=\"async\" class=\"alignleft wp-image-7005 size-full\" src=\"https:\/\/agora.xtec.cat\/ceiplaromanica\/wp-content\/uploads\/usu1851\/2025\/12\/foto-8-scaled-e1765218314804.jpeg\" alt=\"\" width=\"2560\" height=\"900\" srcset=\"https:\/\/agora.xtec.cat\/ceiplaromanica\/wp-content\/uploads\/usu1851\/2025\/12\/foto-8-scaled-e1765218314804.jpeg 2560w, https:\/\/agora.xtec.cat\/ceiplaromanica\/wp-content\/uploads\/usu1851\/2025\/12\/foto-8-scaled-e1765218314804-300x105.jpeg 300w, https:\/\/agora.xtec.cat\/ceiplaromanica\/wp-content\/uploads\/usu1851\/2025\/12\/foto-8-scaled-e1765218314804-1024x360.jpeg 1024w, https:\/\/agora.xtec.cat\/ceiplaromanica\/wp-content\/uploads\/usu1851\/2025\/12\/foto-8-scaled-e1765218314804-768x270.jpeg 768w, https:\/\/agora.xtec.cat\/ceiplaromanica\/wp-content\/uploads\/usu1851\/2025\/12\/foto-8-scaled-e1765218314804-1536x540.jpeg 1536w, https:\/\/agora.xtec.cat\/ceiplaromanica\/wp-content\/uploads\/usu1851\/2025\/12\/foto-8-scaled-e1765218314804-2048x720.jpeg 2048w\" sizes=\"auto, (max-width: 2560px) 100vw, 2560px\" \/> <img loading=\"lazy\" decoding=\"async\" class=\"alignleft wp-image-7006 size-full\" src=\"https:\/\/agora.xtec.cat\/ceiplaromanica\/wp-content\/uploads\/usu1851\/2025\/12\/foto-5-scaled-e1765218293324.jpeg\" alt=\"\" width=\"2560\" height=\"887\" srcset=\"https:\/\/agora.xtec.cat\/ceiplaromanica\/wp-content\/uploads\/usu1851\/2025\/12\/foto-5-scaled-e1765218293324.jpeg 2560w, https:\/\/agora.xtec.cat\/ceiplaromanica\/wp-content\/uploads\/usu1851\/2025\/12\/foto-5-scaled-e1765218293324-300x104.jpeg 300w, https:\/\/agora.xtec.cat\/ceiplaromanica\/wp-content\/uploads\/usu1851\/2025\/12\/foto-5-scaled-e1765218293324-1024x355.jpeg 1024w, https:\/\/agora.xtec.cat\/ceiplaromanica\/wp-content\/uploads\/usu1851\/2025\/12\/foto-5-scaled-e1765218293324-768x266.jpeg 768w, https:\/\/agora.xtec.cat\/ceiplaromanica\/wp-content\/uploads\/usu1851\/2025\/12\/foto-5-scaled-e1765218293324-1536x532.jpeg 1536w, https:\/\/agora.xtec.cat\/ceiplaromanica\/wp-content\/uploads\/usu1851\/2025\/12\/foto-5-scaled-e1765218293324-2048x710.jpeg 2048w\" sizes=\"auto, (max-width: 2560px) 100vw, 2560px\" \/> <img loading=\"lazy\" decoding=\"async\" class=\"alignleft wp-image-7007 size-full\" src=\"https:\/\/agora.xtec.cat\/ceiplaromanica\/wp-content\/uploads\/usu1851\/2025\/12\/foto-2-scaled-e1765218108754.jpeg\" alt=\"\" width=\"2470\" height=\"720\" srcset=\"https:\/\/agora.xtec.cat\/ceiplaromanica\/wp-content\/uploads\/usu1851\/2025\/12\/foto-2-scaled-e1765218108754.jpeg 2470w, https:\/\/agora.xtec.cat\/ceiplaromanica\/wp-content\/uploads\/usu1851\/2025\/12\/foto-2-scaled-e1765218108754-300x87.jpeg 300w, https:\/\/agora.xtec.cat\/ceiplaromanica\/wp-content\/uploads\/usu1851\/2025\/12\/foto-2-scaled-e1765218108754-1024x298.jpeg 1024w, https:\/\/agora.xtec.cat\/ceiplaromanica\/wp-content\/uploads\/usu1851\/2025\/12\/foto-2-scaled-e1765218108754-768x224.jpeg 768w, https:\/\/agora.xtec.cat\/ceiplaromanica\/wp-content\/uploads\/usu1851\/2025\/12\/foto-2-scaled-e1765218108754-1536x448.jpeg 1536w, https:\/\/agora.xtec.cat\/ceiplaromanica\/wp-content\/uploads\/usu1851\/2025\/12\/foto-2-scaled-e1765218108754-2048x597.jpeg 2048w\" sizes=\"auto, (max-width: 2470px) 100vw, 2470px\" \/> <img loading=\"lazy\" decoding=\"async\" class=\"alignleft wp-image-7008 size-full\" src=\"https:\/\/agora.xtec.cat\/ceiplaromanica\/wp-content\/uploads\/usu1851\/2025\/12\/foto-3-e1765218139275.jpeg\" alt=\"\" width=\"1902\" height=\"813\" srcset=\"https:\/\/agora.xtec.cat\/ceiplaromanica\/wp-content\/uploads\/usu1851\/2025\/12\/foto-3-e1765218139275.jpeg 1902w, https:\/\/agora.xtec.cat\/ceiplaromanica\/wp-content\/uploads\/usu1851\/2025\/12\/foto-3-e1765218139275-300x128.jpeg 300w, https:\/\/agora.xtec.cat\/ceiplaromanica\/wp-content\/uploads\/usu1851\/2025\/12\/foto-3-e1765218139275-1024x438.jpeg 1024w, https:\/\/agora.xtec.cat\/ceiplaromanica\/wp-content\/uploads\/usu1851\/2025\/12\/foto-3-e1765218139275-768x328.jpeg 768w, https:\/\/agora.xtec.cat\/ceiplaromanica\/wp-content\/uploads\/usu1851\/2025\/12\/foto-3-e1765218139275-1536x657.jpeg 1536w\" sizes=\"auto, (max-width: 1902px) 100vw, 1902px\" \/> <img loading=\"lazy\" decoding=\"async\" class=\"alignleft size-full wp-image-7009\" src=\"https:\/\/agora.xtec.cat\/ceiplaromanica\/wp-content\/uploads\/usu1851\/2025\/12\/foto-1.jpeg\" alt=\"\" width=\"2016\" height=\"1134\" \/><br \/>\n<\/span><\/p>\n","protected":false},"excerpt":{"rendered":"<p>El divendres dia 21 de novembre vam celebrar el Concert de Santa Cec\u00edlia, el Dia dels M\u00fasics, amb una actuaci\u00f3 molt especial.<br \/>\nTot l\u2019alumnat hi va participar amb molta il\u00b7lusi\u00f3 i vam poder compartir la m\u00fasica des de diferents \u00f2ptiques.<br \/>\nHo vam passar d\u2019all\u00f2 m\u00e9s b\u00e9&hellip;  <a href=\"https:\/\/agora.xtec.cat\/ceiplaromanica\/general\/celebrem-el-dia-dels-musics\/\" title=\"Read CELEBREM EL DIA DELS M\u00daSICS\">Llegeix m\u00e9s\u00bb<\/a><\/p>\n","protected":false},"author":1,"featured_media":7009,"comment_status":"open","ping_status":"open","sticky":false,"template":"","format":"standard","meta":{"_bbp_topic_count":0,"_bbp_reply_count":0,"_bbp_total_topic_count":0,"_bbp_total_reply_count":0,"_bbp_voice_count":0,"_bbp_anonymous_reply_count":0,"_bbp_topic_count_hidden":0,"_bbp_reply_count_hidden":0,"_bbp_forum_subforum_count":0,"footnotes":""},"categories":[90,1,2,96,4,5],"tags":[],"class_list":["post-7000","post","type-post","status-publish","format-standard","has-post-thumbnail","hentry","category-escola","category-general","category-infantil","category-infantil-i-primaria","category-portada","category-primaria"],"post_mailing_queue_ids":[],"_links":{"self":[{"href":"https:\/\/agora.xtec.cat\/ceiplaromanica\/wp-json\/wp\/v2\/posts\/7000","targetHints":{"allow":["GET"]}}],"collection":[{"href":"https:\/\/agora.xtec.cat\/ceiplaromanica\/wp-json\/wp\/v2\/posts"}],"about":[{"href":"https:\/\/agora.xtec.cat\/ceiplaromanica\/wp-json\/wp\/v2\/types\/post"}],"author":[{"embeddable":true,"href":"https:\/\/agora.xtec.cat\/ceiplaromanica\/wp-json\/wp\/v2\/users\/1"}],"replies":[{"embeddable":true,"href":"https:\/\/agora.xtec.cat\/ceiplaromanica\/wp-json\/wp\/v2\/comments?post=7000"}],"version-history":[{"count":1,"href":"https:\/\/agora.xtec.cat\/ceiplaromanica\/wp-json\/wp\/v2\/posts\/7000\/revisions"}],"predecessor-version":[{"id":7010,"href":"https:\/\/agora.xtec.cat\/ceiplaromanica\/wp-json\/wp\/v2\/posts\/7000\/revisions\/7010"}],"wp:featuredmedia":[{"embeddable":true,"href":"https:\/\/agora.xtec.cat\/ceiplaromanica\/wp-json\/wp\/v2\/media\/7009"}],"wp:attachment":[{"href":"https:\/\/agora.xtec.cat\/ceiplaromanica\/wp-json\/wp\/v2\/media?parent=7000"}],"wp:term":[{"taxonomy":"category","embeddable":true,"href":"https:\/\/agora.xtec.cat\/ceiplaromanica\/wp-json\/wp\/v2\/categories?post=7000"},{"taxonomy":"post_tag","embeddable":true,"href":"https:\/\/agora.xtec.cat\/ceiplaromanica\/wp-json\/wp\/v2\/tags?post=7000"}],"curies":[{"name":"wp","href":"https:\/\/api.w.org\/{rel}","templated":true}]}}