{"id":6980,"date":"2025-12-02T09:00:13","date_gmt":"2025-12-02T08:00:13","guid":{"rendered":"https:\/\/agora.xtec.cat\/ceiplaromanica\/?p=6980"},"modified":"2025-12-02T08:12:35","modified_gmt":"2025-12-02T07:12:35","slug":"radio-romanica-rr-programa-4","status":"publish","type":"post","link":"https:\/\/agora.xtec.cat\/ceiplaromanica\/general\/radio-romanica-rr-programa-4\/","title":{"rendered":"R\u00c0DIO ROM\u00c0NICA R&#038;R: PROGRAMA 4 I 5"},"content":{"rendered":"<p>El curs passat vam engegar el Projecte R\u00e0dio amb els alumnes de cicle superior amb l\u2019objectiu de treballar la compet\u00e8ncia ling\u00fc\u00edstica de manera funcional, significativa i engrescadora.<\/p>\n<p>Us compartim el Programa 4 i 5 que han elaborat els alumnes de 5\u00e8 i de 6\u00e8 aquest primer trimestre.<\/p>\n<p>R\u00e0dio Rom\u00e0nica episodi 4 (5\u00e8):<\/p>\n<!--[if lt IE 9]><script>document.createElement('audio');<\/script><![endif]-->\n<audio class=\"wp-audio-shortcode\" id=\"audio-6980-1\" preload=\"none\" style=\"width: 100%;\" controls=\"controls\"><source type=\"audio\/mpeg\" src=\"https:\/\/agora.xtec.cat\/ceiplaromanica\/wp-content\/uploads\/usu1851\/2025\/11\/eleccions-bo.mp3?_=1\" \/><a href=\"https:\/\/agora.xtec.cat\/ceiplaromanica\/wp-content\/uploads\/usu1851\/2025\/11\/eleccions-bo.mp3\">https:\/\/agora.xtec.cat\/ceiplaromanica\/wp-content\/uploads\/usu1851\/2025\/11\/eleccions-bo.mp3<\/a><\/audio>\n<p>R\u00e0dio Rom\u00e0nica episodi 5 (6\u00e8):<\/p>\n<audio class=\"wp-audio-shortcode\" id=\"audio-6980-2\" preload=\"none\" style=\"width: 100%;\" controls=\"controls\"><source type=\"audio\/mpeg\" src=\"https:\/\/agora.xtec.cat\/ceiplaromanica\/wp-content\/uploads\/usu1851\/2025\/12\/dia-de-la-musica-6e.mp3?_=2\" \/><a href=\"https:\/\/agora.xtec.cat\/ceiplaromanica\/wp-content\/uploads\/usu1851\/2025\/12\/dia-de-la-musica-6e.mp3\">https:\/\/agora.xtec.cat\/ceiplaromanica\/wp-content\/uploads\/usu1851\/2025\/12\/dia-de-la-musica-6e.mp3<\/a><\/audio>\n","protected":false},"excerpt":{"rendered":"<p>El curs passat vam engegar el Projecte R\u00e0dio amb els alumnes de cicle superior amb l\u2019objectiu de treballar la compet\u00e8ncia ling\u00fc\u00edstica de manera funcional, significativa i engrescadora.<br \/>\nUs compartim el Programa 4 i 5 que han elaborat els alumnes de 5\u00e8 i de 6\u00e8 aquest primer&hellip;  <a href=\"https:\/\/agora.xtec.cat\/ceiplaromanica\/general\/radio-romanica-rr-programa-4\/\" title=\"Read R\u00c0DIO ROM\u00c0NICA R&#038;R: PROGRAMA 4 I 5\">Llegeix m\u00e9s\u00bb<\/a><\/p>\n","protected":false},"author":1,"featured_media":5890,"comment_status":"open","ping_status":"open","sticky":false,"template":"","format":"standard","meta":{"_bbp_topic_count":0,"_bbp_reply_count":0,"_bbp_total_topic_count":0,"_bbp_total_reply_count":0,"_bbp_voice_count":0,"_bbp_anonymous_reply_count":0,"_bbp_topic_count_hidden":0,"_bbp_reply_count_hidden":0,"_bbp_forum_subforum_count":0,"footnotes":""},"categories":[90,1,96,4],"tags":[],"class_list":["post-6980","post","type-post","status-publish","format-standard","has-post-thumbnail","hentry","category-escola","category-general","category-infantil-i-primaria","category-portada"],"post_mailing_queue_ids":[],"_links":{"self":[{"href":"https:\/\/agora.xtec.cat\/ceiplaromanica\/wp-json\/wp\/v2\/posts\/6980","targetHints":{"allow":["GET"]}}],"collection":[{"href":"https:\/\/agora.xtec.cat\/ceiplaromanica\/wp-json\/wp\/v2\/posts"}],"about":[{"href":"https:\/\/agora.xtec.cat\/ceiplaromanica\/wp-json\/wp\/v2\/types\/post"}],"author":[{"embeddable":true,"href":"https:\/\/agora.xtec.cat\/ceiplaromanica\/wp-json\/wp\/v2\/users\/1"}],"replies":[{"embeddable":true,"href":"https:\/\/agora.xtec.cat\/ceiplaromanica\/wp-json\/wp\/v2\/comments?post=6980"}],"version-history":[{"count":2,"href":"https:\/\/agora.xtec.cat\/ceiplaromanica\/wp-json\/wp\/v2\/posts\/6980\/revisions"}],"predecessor-version":[{"id":6999,"href":"https:\/\/agora.xtec.cat\/ceiplaromanica\/wp-json\/wp\/v2\/posts\/6980\/revisions\/6999"}],"wp:featuredmedia":[{"embeddable":true,"href":"https:\/\/agora.xtec.cat\/ceiplaromanica\/wp-json\/wp\/v2\/media\/5890"}],"wp:attachment":[{"href":"https:\/\/agora.xtec.cat\/ceiplaromanica\/wp-json\/wp\/v2\/media?parent=6980"}],"wp:term":[{"taxonomy":"category","embeddable":true,"href":"https:\/\/agora.xtec.cat\/ceiplaromanica\/wp-json\/wp\/v2\/categories?post=6980"},{"taxonomy":"post_tag","embeddable":true,"href":"https:\/\/agora.xtec.cat\/ceiplaromanica\/wp-json\/wp\/v2\/tags?post=6980"}],"curies":[{"name":"wp","href":"https:\/\/api.w.org\/{rel}","templated":true}]}}