{"id":6967,"date":"2025-11-18T07:44:02","date_gmt":"2025-11-18T06:44:02","guid":{"rendered":"https:\/\/agora.xtec.cat\/ceiplaromanica\/?p=6967"},"modified":"2025-11-18T07:45:39","modified_gmt":"2025-11-18T06:45:39","slug":"berenar-de-6e","status":"publish","type":"post","link":"https:\/\/agora.xtec.cat\/ceiplaromanica\/general\/berenar-de-6e\/","title":{"rendered":"BERENAR DE 6\u00e8"},"content":{"rendered":"<p>Una vegada m\u00e9s, les fam\u00edlies de 6\u00e8 amb la col\u00b7laboraci\u00f3 de l&#8217;AMPA organitzen un berenar solidari en benefici dels alumnes de 6\u00e8 pel Viatge de final de curs i per la Festa de graduaci\u00f3.<\/p>\n<p>Us animem a col\u00b7laborar-hi!<\/p>\n<p><img loading=\"lazy\" decoding=\"async\" class=\"alignleft size-full wp-image-6968\" src=\"https:\/\/agora.xtec.cat\/ceiplaromanica\/wp-content\/uploads\/usu1851\/2025\/11\/berenar-6e_page-0001.jpg\" alt=\"\" width=\"1755\" height=\"1240\" srcset=\"https:\/\/agora.xtec.cat\/ceiplaromanica\/wp-content\/uploads\/usu1851\/2025\/11\/berenar-6e_page-0001.jpg 1755w, https:\/\/agora.xtec.cat\/ceiplaromanica\/wp-content\/uploads\/usu1851\/2025\/11\/berenar-6e_page-0001-300x212.jpg 300w, https:\/\/agora.xtec.cat\/ceiplaromanica\/wp-content\/uploads\/usu1851\/2025\/11\/berenar-6e_page-0001-1024x724.jpg 1024w, https:\/\/agora.xtec.cat\/ceiplaromanica\/wp-content\/uploads\/usu1851\/2025\/11\/berenar-6e_page-0001-768x543.jpg 768w, https:\/\/agora.xtec.cat\/ceiplaromanica\/wp-content\/uploads\/usu1851\/2025\/11\/berenar-6e_page-0001-1536x1085.jpg 1536w\" sizes=\"auto, (max-width: 1755px) 100vw, 1755px\" \/><\/p>\n","protected":false},"excerpt":{"rendered":"<p>Una vegada m\u00e9s, les fam\u00edlies de 6\u00e8 amb la col\u00b7laboraci\u00f3 de l&#8217;AMPA organitzen un berenar solidari en benefici dels alumnes de 6\u00e8 pel Viatge de final de curs i per la Festa de graduaci\u00f3.<br \/>\nUs animem a col\u00b7laborar-hi!<\/p>\n","protected":false},"author":1,"featured_media":6968,"comment_status":"open","ping_status":"open","sticky":false,"template":"","format":"standard","meta":{"_bbp_topic_count":0,"_bbp_reply_count":0,"_bbp_total_topic_count":0,"_bbp_total_reply_count":0,"_bbp_voice_count":0,"_bbp_anonymous_reply_count":0,"_bbp_topic_count_hidden":0,"_bbp_reply_count_hidden":0,"_bbp_forum_subforum_count":0,"footnotes":""},"categories":[90,1,96,4],"tags":[],"class_list":["post-6967","post","type-post","status-publish","format-standard","has-post-thumbnail","hentry","category-escola","category-general","category-infantil-i-primaria","category-portada"],"post_mailing_queue_ids":[],"_links":{"self":[{"href":"https:\/\/agora.xtec.cat\/ceiplaromanica\/wp-json\/wp\/v2\/posts\/6967","targetHints":{"allow":["GET"]}}],"collection":[{"href":"https:\/\/agora.xtec.cat\/ceiplaromanica\/wp-json\/wp\/v2\/posts"}],"about":[{"href":"https:\/\/agora.xtec.cat\/ceiplaromanica\/wp-json\/wp\/v2\/types\/post"}],"author":[{"embeddable":true,"href":"https:\/\/agora.xtec.cat\/ceiplaromanica\/wp-json\/wp\/v2\/users\/1"}],"replies":[{"embeddable":true,"href":"https:\/\/agora.xtec.cat\/ceiplaromanica\/wp-json\/wp\/v2\/comments?post=6967"}],"version-history":[{"count":2,"href":"https:\/\/agora.xtec.cat\/ceiplaromanica\/wp-json\/wp\/v2\/posts\/6967\/revisions"}],"predecessor-version":[{"id":6970,"href":"https:\/\/agora.xtec.cat\/ceiplaromanica\/wp-json\/wp\/v2\/posts\/6967\/revisions\/6970"}],"wp:featuredmedia":[{"embeddable":true,"href":"https:\/\/agora.xtec.cat\/ceiplaromanica\/wp-json\/wp\/v2\/media\/6968"}],"wp:attachment":[{"href":"https:\/\/agora.xtec.cat\/ceiplaromanica\/wp-json\/wp\/v2\/media?parent=6967"}],"wp:term":[{"taxonomy":"category","embeddable":true,"href":"https:\/\/agora.xtec.cat\/ceiplaromanica\/wp-json\/wp\/v2\/categories?post=6967"},{"taxonomy":"post_tag","embeddable":true,"href":"https:\/\/agora.xtec.cat\/ceiplaromanica\/wp-json\/wp\/v2\/tags?post=6967"}],"curies":[{"name":"wp","href":"https:\/\/api.w.org\/{rel}","templated":true}]}}