{"id":6782,"date":"2025-09-18T09:27:59","date_gmt":"2025-09-18T07:27:59","guid":{"rendered":"https:\/\/agora.xtec.cat\/ceiplaromanica\/?p=6782"},"modified":"2025-09-16T09:43:23","modified_gmt":"2025-09-16T07:43:23","slug":"reunions-dinici-de-curs-25-26","status":"publish","type":"post","link":"https:\/\/agora.xtec.cat\/ceiplaromanica\/general\/reunions-dinici-de-curs-25-26\/","title":{"rendered":"REUNIONS D&#8217;INICI DE CURS 25-26"},"content":{"rendered":"<p data-pm-slice=\"1 1 []\">Una <strong>bona relaci\u00f3<\/strong>\u00a0<strong>fam\u00edlia-escola<\/strong>\u00a0\u00e9s molt important per poder avan\u00e7ar plegats al llarg de tot el proc\u00e9s d&#8217;ensenyament-aprenentatge dels alumnes.<\/p>\n<p>Per aquest motiu, us convoquem a la &#8220;<strong>Reuni\u00f3 de fam\u00edlies<\/strong>&#8220;:<\/p>\n<ul>\n<li>per poder-nos\u00a0<strong>con\u00e8ixer<\/strong>,<\/li>\n<li>per compartir els <strong>aspectes m\u00e9s importants a nivell metodol\u00f2gic i organitzatiu<\/strong> d&#8217;aquest curs 24-25<\/li>\n<li>i per resoldre els\u00a0<strong>dubtes<\/strong>\u00a0que pugueu tenir.<\/li>\n<\/ul>\n<p data-pm-slice=\"1 3 []\">Les reunions es faran totes a les <strong>15.10 h a la Biblioteca de l\u2019Escola<\/strong> els dies seg\u00fcents:<\/p>\n<ul>\n<li>I4: 1.10.25<\/li>\n<li>I5: 6.10.25<\/li>\n<li>1r: 24.9.25<\/li>\n<li>2n: 2.10.25<\/li>\n<li>3r: 29.9.25<\/li>\n<li>4t: 25.9.25<\/li>\n<li>5\u00e8: 30.9.25<\/li>\n<li>6\u00e8: 7.10.25<\/li>\n<\/ul>\n<p>Demanen l&#8217;assist\u00e8ncia a la reuni\u00f3 dels pares i mares.<\/p>\n<p>Us avancem que hi haur\u00e0 alguna<strong>\u00a0sorpresa<\/strong>&#8230;<\/p>\n<p>Us hi esperem!<\/p>\n","protected":false},"excerpt":{"rendered":"<p>Una bona relaci\u00f3\u00a0fam\u00edlia-escola\u00a0\u00e9s molt important per poder avan\u00e7ar plegats al llarg de tot el proc\u00e9s d&#8217;ensenyament-aprenentatge dels alumnes.<br \/>\nPer aquest motiu, us convoquem a la &#8220;Reuni\u00f3 de fam\u00edlies&#8220;:<\/p>\n<ul>\n<li>per poder-nos\u00a0con\u00e8ixer,<\/li>\n<li>per compartir els aspectes m\u00e9s importants a nivell metodol\u00f2gic i organitzatiu d&#8217;aquest curs 24-25<\/li>\n<li>i per resoldre els\u00a0dubtes\u00a0que pugueu&hellip;  <a href=\"https:\/\/agora.xtec.cat\/ceiplaromanica\/general\/reunions-dinici-de-curs-25-26\/\" title=\"Read REUNIONS D&#8217;INICI DE CURS 25-26\">Llegeix m\u00e9s\u00bb<\/a><br \/>\n","protected":false},"author":1,"featured_media":6783,"comment_status":"open","ping_status":"open","sticky":false,"template":"","format":"standard","meta":{"_bbp_topic_count":0,"_bbp_reply_count":0,"_bbp_total_topic_count":0,"_bbp_total_reply_count":0,"_bbp_voice_count":0,"_bbp_anonymous_reply_count":0,"_bbp_topic_count_hidden":0,"_bbp_reply_count_hidden":0,"_bbp_forum_subforum_count":0,"footnotes":""},"categories":[90,1,96,4],"tags":[],"class_list":["post-6782","post","type-post","status-publish","format-standard","has-post-thumbnail","hentry","category-escola","category-general","category-infantil-i-primaria","category-portada"],"post_mailing_queue_ids":[],"_links":{"self":[{"href":"https:\/\/agora.xtec.cat\/ceiplaromanica\/wp-json\/wp\/v2\/posts\/6782","targetHints":{"allow":["GET"]}}],"collection":[{"href":"https:\/\/agora.xtec.cat\/ceiplaromanica\/wp-json\/wp\/v2\/posts"}],"about":[{"href":"https:\/\/agora.xtec.cat\/ceiplaromanica\/wp-json\/wp\/v2\/types\/post"}],"author":[{"embeddable":true,"href":"https:\/\/agora.xtec.cat\/ceiplaromanica\/wp-json\/wp\/v2\/users\/1"}],"replies":[{"embeddable":true,"href":"https:\/\/agora.xtec.cat\/ceiplaromanica\/wp-json\/wp\/v2\/comments?post=6782"}],"version-history":[{"count":1,"href":"https:\/\/agora.xtec.cat\/ceiplaromanica\/wp-json\/wp\/v2\/posts\/6782\/revisions"}],"predecessor-version":[{"id":6784,"href":"https:\/\/agora.xtec.cat\/ceiplaromanica\/wp-json\/wp\/v2\/posts\/6782\/revisions\/6784"}],"wp:featuredmedia":[{"embeddable":true,"href":"https:\/\/agora.xtec.cat\/ceiplaromanica\/wp-json\/wp\/v2\/media\/6783"}],"wp:attachment":[{"href":"https:\/\/agora.xtec.cat\/ceiplaromanica\/wp-json\/wp\/v2\/media?parent=6782"}],"wp:term":[{"taxonomy":"category","embeddable":true,"href":"https:\/\/agora.xtec.cat\/ceiplaromanica\/wp-json\/wp\/v2\/categories?post=6782"},{"taxonomy":"post_tag","embeddable":true,"href":"https:\/\/agora.xtec.cat\/ceiplaromanica\/wp-json\/wp\/v2\/tags?post=6782"}],"curies":[{"name":"wp","href":"https:\/\/api.w.org\/{rel}","templated":true}]}}