{"id":6754,"date":"2025-09-05T08:00:17","date_gmt":"2025-09-05T06:00:17","guid":{"rendered":"https:\/\/agora.xtec.cat\/ceiplaromanica\/?p=6754"},"modified":"2025-09-05T09:12:12","modified_gmt":"2025-09-05T07:12:12","slug":"bon-inici-de-curs-25-26","status":"publish","type":"post","link":"https:\/\/agora.xtec.cat\/ceiplaromanica\/general\/bon-inici-de-curs-25-26\/","title":{"rendered":"BON INICI DE CURS 25-26"},"content":{"rendered":"<p>Els professionals de l&#8217;Escola La Rom\u00e0nica us esperem <strong>amb molta il\u00b7lusi\u00f3<\/strong> el proper dimarts, <strong>dia 9 de setembre<\/strong>, per comen\u00e7ar plegats un nou cam\u00ed ple d&#8217;<span style=\"font-family: inherit; font-size: 1em;\">aprenentatges, experi\u00e8ncies, rialles, emocions, reptes, aventures&#8230;<\/span><\/p>\n<p>Som-hi?<\/p>\n<p><img loading=\"lazy\" decoding=\"async\" class=\"alignleft size-full wp-image-6755\" src=\"https:\/\/agora.xtec.cat\/ceiplaromanica\/wp-content\/uploads\/usu1851\/2025\/08\/baixa.jpeg\" alt=\"\" width=\"242\" height=\"208\" \/><\/p>\n<p>&nbsp;<\/p>\n<p>&nbsp;<\/p>\n<p>&nbsp;<\/p>\n<p>&nbsp;<\/p>\n<p>&nbsp;<\/p>\n<p>Font: Joan Turu<\/p>\n","protected":false},"excerpt":{"rendered":"<p>Els professionals de l&#8217;Escola La Rom\u00e0nica us esperem amb molta il\u00b7lusi\u00f3 el proper dimarts, dia 9 de setembre, per comen\u00e7ar plegats un nou cam\u00ed ple d&#8217;aprenentatges, experi\u00e8ncies, rialles, emocions, reptes, aventures&#8230;<br \/>\nSom-hi?<\/p>\n<p>&nbsp;<br \/>\n&nbsp;<br \/>\n&nbsp;<br \/>\n&nbsp;<br \/>\n&nbsp;<br \/>\nFont: Joan Turu<\/p>\n","protected":false},"author":1,"featured_media":6764,"comment_status":"open","ping_status":"open","sticky":false,"template":"","format":"standard","meta":{"_bbp_topic_count":0,"_bbp_reply_count":0,"_bbp_total_topic_count":0,"_bbp_total_reply_count":0,"_bbp_voice_count":0,"_bbp_anonymous_reply_count":0,"_bbp_topic_count_hidden":0,"_bbp_reply_count_hidden":0,"_bbp_forum_subforum_count":0,"footnotes":""},"categories":[90,1,96,4],"tags":[],"class_list":["post-6754","post","type-post","status-publish","format-standard","has-post-thumbnail","hentry","category-escola","category-general","category-infantil-i-primaria","category-portada"],"post_mailing_queue_ids":[],"_links":{"self":[{"href":"https:\/\/agora.xtec.cat\/ceiplaromanica\/wp-json\/wp\/v2\/posts\/6754","targetHints":{"allow":["GET"]}}],"collection":[{"href":"https:\/\/agora.xtec.cat\/ceiplaromanica\/wp-json\/wp\/v2\/posts"}],"about":[{"href":"https:\/\/agora.xtec.cat\/ceiplaromanica\/wp-json\/wp\/v2\/types\/post"}],"author":[{"embeddable":true,"href":"https:\/\/agora.xtec.cat\/ceiplaromanica\/wp-json\/wp\/v2\/users\/1"}],"replies":[{"embeddable":true,"href":"https:\/\/agora.xtec.cat\/ceiplaromanica\/wp-json\/wp\/v2\/comments?post=6754"}],"version-history":[{"count":2,"href":"https:\/\/agora.xtec.cat\/ceiplaromanica\/wp-json\/wp\/v2\/posts\/6754\/revisions"}],"predecessor-version":[{"id":6759,"href":"https:\/\/agora.xtec.cat\/ceiplaromanica\/wp-json\/wp\/v2\/posts\/6754\/revisions\/6759"}],"wp:featuredmedia":[{"embeddable":true,"href":"https:\/\/agora.xtec.cat\/ceiplaromanica\/wp-json\/wp\/v2\/media\/6764"}],"wp:attachment":[{"href":"https:\/\/agora.xtec.cat\/ceiplaromanica\/wp-json\/wp\/v2\/media?parent=6754"}],"wp:term":[{"taxonomy":"category","embeddable":true,"href":"https:\/\/agora.xtec.cat\/ceiplaromanica\/wp-json\/wp\/v2\/categories?post=6754"},{"taxonomy":"post_tag","embeddable":true,"href":"https:\/\/agora.xtec.cat\/ceiplaromanica\/wp-json\/wp\/v2\/tags?post=6754"}],"curies":[{"name":"wp","href":"https:\/\/api.w.org\/{rel}","templated":true}]}}