{"id":6549,"date":"2025-06-06T12:20:13","date_gmt":"2025-06-06T10:20:13","guid":{"rendered":"https:\/\/agora.xtec.cat\/ceiplaromanica\/?p=6549"},"modified":"2025-06-06T19:38:24","modified_gmt":"2025-06-06T17:38:24","slug":"colonies-a-sant-julia-de-vilatorta-2","status":"publish","type":"post","link":"https:\/\/agora.xtec.cat\/ceiplaromanica\/general\/colonies-a-sant-julia-de-vilatorta-2\/","title":{"rendered":"UNES COL\u00d2NIES FANT\u00c0STIQUES"},"content":{"rendered":"<p><span style=\"font-weight: 400;\">Els infants d\u2019I5 vam anar de col\u00f2nies a Sant Juli\u00e0 de Vilatorta (Vic) els dies 26 i 27 de maig. En un entorn ple de natura i vegetaci\u00f3 vam gaudir dels diferents espais de la casa: habitacions, menjador, pista de futbol. El segon dia vam passejar fins al Parc de les set fonts\u201d, on hi havia gronxadors, una caseta de fusta a dalt d\u2019un arbre i vam passar una estona molt divertida.<\/span><\/p>\n<p><span style=\"font-weight: 400;\">Les activitats van girar entorn de l\u2019Espai. Vam haver d\u2019ajudar un astronauta a trobar el seu casc i\u00a0 vam aprendre moltes coses de l\u2019Espai.<\/span><\/p>\n<p><span style=\"font-weight: 400;\">A la nit vam fer un Joc de pistes on vam necessitar els nostres lots i on vam passar una estona molt divertida. I per acabar ballant al ritme de la m\u00fasica amb llums de colors.<\/span><\/p>\n<p><span style=\"font-weight: 400;\">Ha estat una experi\u00e8ncia \u00fanica on hem creat nous vincles de conviv\u00e8ncia entre tots nosaltres. Visquin les Col\u00f2nies!<\/span><\/p>\n<p><a href=\"https:\/\/drive.google.com\/file\/d\/1GuZ0xZdPa8yV57Uy__gQMr7l63s_Jbde\/view?usp=drivesdk\"><span style=\"font-weight: 400;\">https:\/\/drive.google.com\/file\/d\/1GuZ0xZdPa8yV57Uy__gQMr7l63s_Jbde\/view?usp=drivesdk<\/span><\/a><\/p>\n","protected":false},"excerpt":{"rendered":"<p>Els infants d\u2019I5 vam anar de col\u00f2nies a Sant Juli\u00e0 de Vilatorta (Vic) els dies 26 i 27 de maig. En un entorn ple de natura i vegetaci\u00f3 vam gaudir dels diferents espais de la casa: habitacions, menjador, pista de futbol. El segon dia vam&hellip;  <a href=\"https:\/\/agora.xtec.cat\/ceiplaromanica\/general\/colonies-a-sant-julia-de-vilatorta-2\/\" title=\"Read UNES COL\u00d2NIES FANT\u00c0STIQUES\">Llegeix m\u00e9s\u00bb<\/a><\/p>\n","protected":false},"author":21,"featured_media":6552,"comment_status":"open","ping_status":"open","sticky":false,"template":"","format":"standard","meta":{"_bbp_topic_count":0,"_bbp_reply_count":0,"_bbp_total_topic_count":0,"_bbp_total_reply_count":0,"_bbp_voice_count":0,"_bbp_anonymous_reply_count":0,"_bbp_topic_count_hidden":0,"_bbp_reply_count_hidden":0,"_bbp_forum_subforum_count":0,"footnotes":""},"categories":[90,1,9,2,96,4,5],"tags":[],"class_list":["post-6549","post","type-post","status-publish","format-standard","has-post-thumbnail","hentry","category-escola","category-general","category-i5","category-infantil","category-infantil-i-primaria","category-portada","category-primaria"],"post_mailing_queue_ids":[],"_links":{"self":[{"href":"https:\/\/agora.xtec.cat\/ceiplaromanica\/wp-json\/wp\/v2\/posts\/6549","targetHints":{"allow":["GET"]}}],"collection":[{"href":"https:\/\/agora.xtec.cat\/ceiplaromanica\/wp-json\/wp\/v2\/posts"}],"about":[{"href":"https:\/\/agora.xtec.cat\/ceiplaromanica\/wp-json\/wp\/v2\/types\/post"}],"author":[{"embeddable":true,"href":"https:\/\/agora.xtec.cat\/ceiplaromanica\/wp-json\/wp\/v2\/users\/21"}],"replies":[{"embeddable":true,"href":"https:\/\/agora.xtec.cat\/ceiplaromanica\/wp-json\/wp\/v2\/comments?post=6549"}],"version-history":[{"count":2,"href":"https:\/\/agora.xtec.cat\/ceiplaromanica\/wp-json\/wp\/v2\/posts\/6549\/revisions"}],"predecessor-version":[{"id":6553,"href":"https:\/\/agora.xtec.cat\/ceiplaromanica\/wp-json\/wp\/v2\/posts\/6549\/revisions\/6553"}],"wp:featuredmedia":[{"embeddable":true,"href":"https:\/\/agora.xtec.cat\/ceiplaromanica\/wp-json\/wp\/v2\/media\/6552"}],"wp:attachment":[{"href":"https:\/\/agora.xtec.cat\/ceiplaromanica\/wp-json\/wp\/v2\/media?parent=6549"}],"wp:term":[{"taxonomy":"category","embeddable":true,"href":"https:\/\/agora.xtec.cat\/ceiplaromanica\/wp-json\/wp\/v2\/categories?post=6549"},{"taxonomy":"post_tag","embeddable":true,"href":"https:\/\/agora.xtec.cat\/ceiplaromanica\/wp-json\/wp\/v2\/tags?post=6549"}],"curies":[{"name":"wp","href":"https:\/\/api.w.org\/{rel}","templated":true}]}}