{"id":6535,"date":"2025-06-06T17:30:08","date_gmt":"2025-06-06T15:30:08","guid":{"rendered":"https:\/\/agora.xtec.cat\/ceiplaromanica\/?p=6535"},"modified":"2025-06-09T08:55:35","modified_gmt":"2025-06-09T06:55:35","slug":"el-consell-escolar-informa-17","status":"publish","type":"post","link":"https:\/\/agora.xtec.cat\/ceiplaromanica\/general\/el-consell-escolar-informa-17\/","title":{"rendered":"EL CONSELL ESCOLAR INFORMA&#8230;"},"content":{"rendered":"<p>Us compartim els acords de les darreres reunions de la comissi\u00f3 de conviv\u00e8ncia i de la comissi\u00f3 permanent del consell escolar:<\/p>\n<p><a href=\"https:\/\/agora.xtec.cat\/ceiplaromanica\/wp-content\/uploads\/usu1851\/2025\/06\/20250325_Consell-_escolar_comissio-de-convivencia-1.pdf\">20250325_Acta_consell _escolar_comissi\u00f3 de conviv\u00e8ncia<\/a><\/p>\n<p><a href=\"https:\/\/agora.xtec.cat\/ceiplaromanica\/wp-content\/uploads\/usu1851\/2025\/06\/20250521_Acta_consell_-escolar.docx-2-2-2.pdf\">20250521_Acta_consell_ escolar.docx<\/a><\/p>\n<p><a href=\"https:\/\/agora.xtec.cat\/ceiplaromanica\/wp-content\/uploads\/usu1851\/2025\/06\/20250528_Acta_consell_-escolar.-comissio-permanentdocx-1-2.pdf\">20250528_Acta_consell_escolar_comissi\u00f3 permanent.docx<\/a><\/p>\n<p>&nbsp;<\/p>\n","protected":false},"excerpt":{"rendered":"<p>Us compartim els acords de les darreres reunions de la comissi\u00f3 de conviv\u00e8ncia i de la comissi\u00f3 permanent del consell escolar:<br \/>\n<a href=\"https:\/\/agora.xtec.cat\/ceiplaromanica\/wp-content\/uploads\/usu1851\/2025\/06\/20250325_Consell-_escolar_comissio-de-convivencia-1.pdf\">20250325_Acta_consell _escolar_comissi\u00f3 de conviv\u00e8ncia<\/a><br \/>\n<a href=\"https:\/\/agora.xtec.cat\/ceiplaromanica\/wp-content\/uploads\/usu1851\/2025\/06\/20250521_Acta_consell_-escolar.docx-2-2-2.pdf\">20250521_Acta_consell_ escolar.docx<\/a><br \/>\n<a href=\"https:\/\/agora.xtec.cat\/ceiplaromanica\/wp-content\/uploads\/usu1851\/2025\/06\/20250528_Acta_consell_-escolar.-comissio-permanentdocx-1-2.pdf\">20250528_Acta_consell_escolar_comissi\u00f3 permanent.docx<\/a><br \/>\n&nbsp;<\/p>\n","protected":false},"author":1,"featured_media":5511,"comment_status":"open","ping_status":"open","sticky":false,"template":"","format":"standard","meta":{"_bbp_topic_count":0,"_bbp_reply_count":0,"_bbp_total_topic_count":0,"_bbp_total_reply_count":0,"_bbp_voice_count":0,"_bbp_anonymous_reply_count":0,"_bbp_topic_count_hidden":0,"_bbp_reply_count_hidden":0,"_bbp_forum_subforum_count":0,"footnotes":""},"categories":[90,1,2,96,4,5],"tags":[],"class_list":["post-6535","post","type-post","status-publish","format-standard","has-post-thumbnail","hentry","category-escola","category-general","category-infantil","category-infantil-i-primaria","category-portada","category-primaria"],"post_mailing_queue_ids":[],"_links":{"self":[{"href":"https:\/\/agora.xtec.cat\/ceiplaromanica\/wp-json\/wp\/v2\/posts\/6535","targetHints":{"allow":["GET"]}}],"collection":[{"href":"https:\/\/agora.xtec.cat\/ceiplaromanica\/wp-json\/wp\/v2\/posts"}],"about":[{"href":"https:\/\/agora.xtec.cat\/ceiplaromanica\/wp-json\/wp\/v2\/types\/post"}],"author":[{"embeddable":true,"href":"https:\/\/agora.xtec.cat\/ceiplaromanica\/wp-json\/wp\/v2\/users\/1"}],"replies":[{"embeddable":true,"href":"https:\/\/agora.xtec.cat\/ceiplaromanica\/wp-json\/wp\/v2\/comments?post=6535"}],"version-history":[{"count":2,"href":"https:\/\/agora.xtec.cat\/ceiplaromanica\/wp-json\/wp\/v2\/posts\/6535\/revisions"}],"predecessor-version":[{"id":6558,"href":"https:\/\/agora.xtec.cat\/ceiplaromanica\/wp-json\/wp\/v2\/posts\/6535\/revisions\/6558"}],"wp:featuredmedia":[{"embeddable":true,"href":"https:\/\/agora.xtec.cat\/ceiplaromanica\/wp-json\/wp\/v2\/media\/5511"}],"wp:attachment":[{"href":"https:\/\/agora.xtec.cat\/ceiplaromanica\/wp-json\/wp\/v2\/media?parent=6535"}],"wp:term":[{"taxonomy":"category","embeddable":true,"href":"https:\/\/agora.xtec.cat\/ceiplaromanica\/wp-json\/wp\/v2\/categories?post=6535"},{"taxonomy":"post_tag","embeddable":true,"href":"https:\/\/agora.xtec.cat\/ceiplaromanica\/wp-json\/wp\/v2\/tags?post=6535"}],"curies":[{"name":"wp","href":"https:\/\/api.w.org\/{rel}","templated":true}]}}