{"id":6374,"date":"2025-05-06T12:30:19","date_gmt":"2025-05-06T10:30:19","guid":{"rendered":"https:\/\/agora.xtec.cat\/ceiplaromanica\/?p=6374"},"modified":"2025-05-05T17:16:04","modified_gmt":"2025-05-05T15:16:04","slug":"prestacions-casal-destiu","status":"publish","type":"post","link":"https:\/\/agora.xtec.cat\/ceiplaromanica\/general\/prestacions-casal-destiu\/","title":{"rendered":"PRESTACIONS CASAL D&#8217;ESTIU"},"content":{"rendered":"<p data-pm-slice=\"1 1 []\">Des del <strong>Servei d\u2019Acci\u00f3 Social de l&#8217;Ajuntament de Sabadell,<\/strong>\u00a0es gestionen les <strong>prestacions d\u2019urg\u00e8ncia social<\/strong> per a facilitar que les fam\u00edlies de menors a c\u00e0rrec de 3 a 18 anys, residents i empadronats a Sabadell amb diagn\u00f2stic de risc social i\/o vulnerabilitat per risc d\u2019exclusi\u00f3 social severa, <strong>puguin accedir a l\u2019oferta de lleure<\/strong>.<\/p>\n<p>Teniu tota la informaci\u00f3 al d\u00edptic\u00a0sobre el proc\u00e9s i l\u2019acc\u00e9s a les prestacions de casals d\u2019estiu 2025.<\/p>\n<p><img loading=\"lazy\" decoding=\"async\" class=\"alignleft size-full wp-image-6375\" src=\"https:\/\/agora.xtec.cat\/ceiplaromanica\/wp-content\/uploads\/usu1851\/2025\/05\/DIPTIC-Catala_page-0001.jpg\" alt=\"\" width=\"1650\" height=\"1275\" srcset=\"https:\/\/agora.xtec.cat\/ceiplaromanica\/wp-content\/uploads\/usu1851\/2025\/05\/DIPTIC-Catala_page-0001.jpg 1650w, https:\/\/agora.xtec.cat\/ceiplaromanica\/wp-content\/uploads\/usu1851\/2025\/05\/DIPTIC-Catala_page-0001-300x232.jpg 300w, https:\/\/agora.xtec.cat\/ceiplaromanica\/wp-content\/uploads\/usu1851\/2025\/05\/DIPTIC-Catala_page-0001-1024x791.jpg 1024w, https:\/\/agora.xtec.cat\/ceiplaromanica\/wp-content\/uploads\/usu1851\/2025\/05\/DIPTIC-Catala_page-0001-768x593.jpg 768w, https:\/\/agora.xtec.cat\/ceiplaromanica\/wp-content\/uploads\/usu1851\/2025\/05\/DIPTIC-Catala_page-0001-1536x1187.jpg 1536w\" sizes=\"auto, (max-width: 1650px) 100vw, 1650px\" \/> <img loading=\"lazy\" decoding=\"async\" class=\"alignleft size-full wp-image-6376\" src=\"https:\/\/agora.xtec.cat\/ceiplaromanica\/wp-content\/uploads\/usu1851\/2025\/05\/DIPTIC-Catala_page-0002-rotated.jpg\" alt=\"\" width=\"1650\" height=\"1275\" srcset=\"https:\/\/agora.xtec.cat\/ceiplaromanica\/wp-content\/uploads\/usu1851\/2025\/05\/DIPTIC-Catala_page-0002-rotated.jpg 1650w, https:\/\/agora.xtec.cat\/ceiplaromanica\/wp-content\/uploads\/usu1851\/2025\/05\/DIPTIC-Catala_page-0002-300x232.jpg 300w, https:\/\/agora.xtec.cat\/ceiplaromanica\/wp-content\/uploads\/usu1851\/2025\/05\/DIPTIC-Catala_page-0002-1024x791.jpg 1024w, https:\/\/agora.xtec.cat\/ceiplaromanica\/wp-content\/uploads\/usu1851\/2025\/05\/DIPTIC-Catala_page-0002-768x593.jpg 768w, https:\/\/agora.xtec.cat\/ceiplaromanica\/wp-content\/uploads\/usu1851\/2025\/05\/DIPTIC-Catala_page-0002-1536x1187.jpg 1536w\" sizes=\"auto, (max-width: 1650px) 100vw, 1650px\" \/> <img loading=\"lazy\" decoding=\"async\" class=\"alignleft size-full wp-image-6377\" src=\"https:\/\/agora.xtec.cat\/ceiplaromanica\/wp-content\/uploads\/usu1851\/2025\/05\/DIPTIC-Catala_page-0001-1.jpg\" alt=\"\" width=\"1650\" height=\"1275\" srcset=\"https:\/\/agora.xtec.cat\/ceiplaromanica\/wp-content\/uploads\/usu1851\/2025\/05\/DIPTIC-Catala_page-0001-1.jpg 1650w, https:\/\/agora.xtec.cat\/ceiplaromanica\/wp-content\/uploads\/usu1851\/2025\/05\/DIPTIC-Catala_page-0001-1-300x232.jpg 300w, https:\/\/agora.xtec.cat\/ceiplaromanica\/wp-content\/uploads\/usu1851\/2025\/05\/DIPTIC-Catala_page-0001-1-1024x791.jpg 1024w, https:\/\/agora.xtec.cat\/ceiplaromanica\/wp-content\/uploads\/usu1851\/2025\/05\/DIPTIC-Catala_page-0001-1-768x593.jpg 768w, https:\/\/agora.xtec.cat\/ceiplaromanica\/wp-content\/uploads\/usu1851\/2025\/05\/DIPTIC-Catala_page-0001-1-1536x1187.jpg 1536w\" sizes=\"auto, (max-width: 1650px) 100vw, 1650px\" \/> <img loading=\"lazy\" decoding=\"async\" class=\"alignleft size-full wp-image-6378\" src=\"https:\/\/agora.xtec.cat\/ceiplaromanica\/wp-content\/uploads\/usu1851\/2025\/05\/DIPTIC-Catala_page-0002-1-rotated.jpg\" alt=\"\" width=\"1650\" height=\"1275\" srcset=\"https:\/\/agora.xtec.cat\/ceiplaromanica\/wp-content\/uploads\/usu1851\/2025\/05\/DIPTIC-Catala_page-0002-1-rotated.jpg 1650w, https:\/\/agora.xtec.cat\/ceiplaromanica\/wp-content\/uploads\/usu1851\/2025\/05\/DIPTIC-Catala_page-0002-1-300x232.jpg 300w, https:\/\/agora.xtec.cat\/ceiplaromanica\/wp-content\/uploads\/usu1851\/2025\/05\/DIPTIC-Catala_page-0002-1-1024x791.jpg 1024w, https:\/\/agora.xtec.cat\/ceiplaromanica\/wp-content\/uploads\/usu1851\/2025\/05\/DIPTIC-Catala_page-0002-1-768x593.jpg 768w, https:\/\/agora.xtec.cat\/ceiplaromanica\/wp-content\/uploads\/usu1851\/2025\/05\/DIPTIC-Catala_page-0002-1-1536x1187.jpg 1536w\" sizes=\"auto, (max-width: 1650px) 100vw, 1650px\" \/><\/p>\n<p>&nbsp;<\/p>\n","protected":false},"excerpt":{"rendered":"<p>Des del Servei d\u2019Acci\u00f3 Social de l&#8217;Ajuntament de Sabadell,\u00a0es gestionen les prestacions d\u2019urg\u00e8ncia social per a facilitar que les fam\u00edlies de menors a c\u00e0rrec de 3 a 18 anys, residents i empadronats a Sabadell amb diagn\u00f2stic de risc social i\/o vulnerabilitat per risc d\u2019exclusi\u00f3 social&hellip;  <a href=\"https:\/\/agora.xtec.cat\/ceiplaromanica\/general\/prestacions-casal-destiu\/\" title=\"Read PRESTACIONS CASAL D&#8217;ESTIU\">Llegeix m\u00e9s\u00bb<\/a><\/p>\n","protected":false},"author":1,"featured_media":6377,"comment_status":"open","ping_status":"closed","sticky":false,"template":"","format":"standard","meta":{"_bbp_topic_count":0,"_bbp_reply_count":0,"_bbp_total_topic_count":0,"_bbp_total_reply_count":0,"_bbp_voice_count":0,"_bbp_anonymous_reply_count":0,"_bbp_topic_count_hidden":0,"_bbp_reply_count_hidden":0,"_bbp_forum_subforum_count":0,"footnotes":""},"categories":[90,1,96,4],"tags":[],"class_list":["post-6374","post","type-post","status-publish","format-standard","has-post-thumbnail","hentry","category-escola","category-general","category-infantil-i-primaria","category-portada"],"post_mailing_queue_ids":[],"_links":{"self":[{"href":"https:\/\/agora.xtec.cat\/ceiplaromanica\/wp-json\/wp\/v2\/posts\/6374","targetHints":{"allow":["GET"]}}],"collection":[{"href":"https:\/\/agora.xtec.cat\/ceiplaromanica\/wp-json\/wp\/v2\/posts"}],"about":[{"href":"https:\/\/agora.xtec.cat\/ceiplaromanica\/wp-json\/wp\/v2\/types\/post"}],"author":[{"embeddable":true,"href":"https:\/\/agora.xtec.cat\/ceiplaromanica\/wp-json\/wp\/v2\/users\/1"}],"replies":[{"embeddable":true,"href":"https:\/\/agora.xtec.cat\/ceiplaromanica\/wp-json\/wp\/v2\/comments?post=6374"}],"version-history":[{"count":1,"href":"https:\/\/agora.xtec.cat\/ceiplaromanica\/wp-json\/wp\/v2\/posts\/6374\/revisions"}],"predecessor-version":[{"id":6379,"href":"https:\/\/agora.xtec.cat\/ceiplaromanica\/wp-json\/wp\/v2\/posts\/6374\/revisions\/6379"}],"wp:featuredmedia":[{"embeddable":true,"href":"https:\/\/agora.xtec.cat\/ceiplaromanica\/wp-json\/wp\/v2\/media\/6377"}],"wp:attachment":[{"href":"https:\/\/agora.xtec.cat\/ceiplaromanica\/wp-json\/wp\/v2\/media?parent=6374"}],"wp:term":[{"taxonomy":"category","embeddable":true,"href":"https:\/\/agora.xtec.cat\/ceiplaromanica\/wp-json\/wp\/v2\/categories?post=6374"},{"taxonomy":"post_tag","embeddable":true,"href":"https:\/\/agora.xtec.cat\/ceiplaromanica\/wp-json\/wp\/v2\/tags?post=6374"}],"curies":[{"name":"wp","href":"https:\/\/api.w.org\/{rel}","templated":true}]}}