{"id":6361,"date":"2025-04-24T22:56:07","date_gmt":"2025-04-24T20:56:07","guid":{"rendered":"https:\/\/agora.xtec.cat\/ceiplaromanica\/?p=6361"},"modified":"2025-04-24T22:57:06","modified_gmt":"2025-04-24T20:57:06","slug":"preinscripcions-25-26-llista-de-sollicituds-amb-la-puntuacio-provisional","status":"publish","type":"post","link":"https:\/\/agora.xtec.cat\/ceiplaromanica\/general\/preinscripcions-25-26-llista-de-sollicituds-amb-la-puntuacio-provisional\/","title":{"rendered":"PREINSCRIPCIONS 25-26: LLISTA DE SOL\u2022LICITUDS AMB LA PUNTUACI\u00d3 PROVISIONAL"},"content":{"rendered":"<p>Avui, 24 d&#8217;abril, ha sortit publicada la llista de sol\u2022licituds del proc\u00e9s de preinscripci\u00f3 amb la puntuaci\u00f3 provisional.<\/p>\n<p>El termini per fer qualsevol reclamaci\u00f3 va des d&#8217;avui, dia 24, fins al proper dia 29 d&#8217;abril.<\/p>\n<p>Tamb\u00e9 podeu consultar el llistat a la cartellera de l&#8217;Escola.<\/p>\n<p><a href=\"https:\/\/agora.xtec.cat\/ceiplaromanica\/wp-content\/uploads\/usu1851\/2025\/04\/INFORME_BAREM_PROVISIONAL_BAREM-2-1.pdf\">INFORME_BAREM_PROVISIONAL_BAREM (2)<\/a><\/p>\n<p>&nbsp;<\/p>\n","protected":false},"excerpt":{"rendered":"<p>Avui, 24 d&#8217;abril, ha sortit publicada la llista de sol\u2022licituds del proc\u00e9s de preinscripci\u00f3 amb la puntuaci\u00f3 provisional.<br \/>\nEl termini per fer qualsevol reclamaci\u00f3 va des d&#8217;avui, dia 24, fins al proper dia 29 d&#8217;abril.<br \/>\nTamb\u00e9 podeu consultar el llistat a la cartellera de l&#8217;Escola.<br \/>\n<a href=\"https:\/\/agora.xtec.cat\/ceiplaromanica\/wp-content\/uploads\/usu1851\/2025\/04\/INFORME_BAREM_PROVISIONAL_BAREM-2-1.pdf\">INFORME_BAREM_PROVISIONAL_BAREM (2)<\/a><br \/>\n&nbsp;<\/p>\n","protected":false},"author":1,"featured_media":6363,"comment_status":"open","ping_status":"closed","sticky":false,"template":"","format":"standard","meta":{"_bbp_topic_count":0,"_bbp_reply_count":0,"_bbp_total_topic_count":0,"_bbp_total_reply_count":0,"_bbp_voice_count":0,"_bbp_anonymous_reply_count":0,"_bbp_topic_count_hidden":0,"_bbp_reply_count_hidden":0,"_bbp_forum_subforum_count":0,"footnotes":""},"categories":[90,1,96,4],"tags":[],"class_list":["post-6361","post","type-post","status-publish","format-standard","has-post-thumbnail","hentry","category-escola","category-general","category-infantil-i-primaria","category-portada"],"post_mailing_queue_ids":[],"_links":{"self":[{"href":"https:\/\/agora.xtec.cat\/ceiplaromanica\/wp-json\/wp\/v2\/posts\/6361","targetHints":{"allow":["GET"]}}],"collection":[{"href":"https:\/\/agora.xtec.cat\/ceiplaromanica\/wp-json\/wp\/v2\/posts"}],"about":[{"href":"https:\/\/agora.xtec.cat\/ceiplaromanica\/wp-json\/wp\/v2\/types\/post"}],"author":[{"embeddable":true,"href":"https:\/\/agora.xtec.cat\/ceiplaromanica\/wp-json\/wp\/v2\/users\/1"}],"replies":[{"embeddable":true,"href":"https:\/\/agora.xtec.cat\/ceiplaromanica\/wp-json\/wp\/v2\/comments?post=6361"}],"version-history":[{"count":1,"href":"https:\/\/agora.xtec.cat\/ceiplaromanica\/wp-json\/wp\/v2\/posts\/6361\/revisions"}],"predecessor-version":[{"id":6364,"href":"https:\/\/agora.xtec.cat\/ceiplaromanica\/wp-json\/wp\/v2\/posts\/6361\/revisions\/6364"}],"wp:featuredmedia":[{"embeddable":true,"href":"https:\/\/agora.xtec.cat\/ceiplaromanica\/wp-json\/wp\/v2\/media\/6363"}],"wp:attachment":[{"href":"https:\/\/agora.xtec.cat\/ceiplaromanica\/wp-json\/wp\/v2\/media?parent=6361"}],"wp:term":[{"taxonomy":"category","embeddable":true,"href":"https:\/\/agora.xtec.cat\/ceiplaromanica\/wp-json\/wp\/v2\/categories?post=6361"},{"taxonomy":"post_tag","embeddable":true,"href":"https:\/\/agora.xtec.cat\/ceiplaromanica\/wp-json\/wp\/v2\/tags?post=6361"}],"curies":[{"name":"wp","href":"https:\/\/api.w.org\/{rel}","templated":true}]}}