{"id":5887,"date":"2025-02-03T08:00:51","date_gmt":"2025-02-03T07:00:51","guid":{"rendered":"https:\/\/agora.xtec.cat\/ceiplaromanica\/?p=5887"},"modified":"2025-02-03T14:40:43","modified_gmt":"2025-02-03T13:40:43","slug":"radio-romanica-rr-programa-1","status":"publish","type":"post","link":"https:\/\/agora.xtec.cat\/ceiplaromanica\/general\/radio-romanica-rr-programa-1\/","title":{"rendered":"R\u00c0DIO ROM\u00c0NICA R&#038;R: PROGRAMA 1"},"content":{"rendered":"<p>El curs 24-25, gr\u00e0cies a l\u2019aportaci\u00f3 de la maleta audiovisual pel part del Departament d\u2019Educaci\u00f3 i Formaci\u00f3 Professional, hem engegat el Projecte R\u00e0dio amb els alumnes de cicle superior.<\/p>\n<p>L\u2019objectiu \u00e9s treballar la compet\u00e8ncia ling\u00fc\u00edstica de manera funcional, significativa i engrescadora.<\/p>\n<p>La r\u00e0dio escolar \u00e9s una experi\u00e8ncia molt gratificant tant per als alumnes com per a la resta de la comunitat educativa que en poden gaudir tant de forma directa com indirecta.<\/p>\n<p>R\u00e0dio Rom\u00e0nica episodi 1 (5\u00e8):<\/p>\n<!--[if lt IE 9]><script>document.createElement('audio');<\/script><![endif]-->\n<audio class=\"wp-audio-shortcode\" id=\"audio-5887-1\" preload=\"none\" style=\"width: 100%;\" controls=\"controls\"><source type=\"audio\/mpeg\" src=\"https:\/\/agora.xtec.cat\/ceiplaromanica\/wp-content\/uploads\/usu1851\/2025\/02\/Radio-Romanica-1.mp3?_=1\" \/><a href=\"https:\/\/agora.xtec.cat\/ceiplaromanica\/wp-content\/uploads\/usu1851\/2025\/02\/Radio-Romanica-1.mp3\">https:\/\/agora.xtec.cat\/ceiplaromanica\/wp-content\/uploads\/usu1851\/2025\/02\/Radio-Romanica-1.mp3<\/a><\/audio>\n<p>&nbsp;<\/p>\n<p>R\u00e0dio Rom\u00e0nica episodi 2 (6\u00e8):<\/p>\n<audio class=\"wp-audio-shortcode\" id=\"audio-5887-2\" preload=\"none\" style=\"width: 100%;\" controls=\"controls\"><source type=\"audio\/mpeg\" src=\"https:\/\/agora.xtec.cat\/ceiplaromanica\/wp-content\/uploads\/usu1851\/2025\/02\/Radio-Romanica-2.mp3?_=2\" \/><a href=\"https:\/\/agora.xtec.cat\/ceiplaromanica\/wp-content\/uploads\/usu1851\/2025\/02\/Radio-Romanica-2.mp3\">https:\/\/agora.xtec.cat\/ceiplaromanica\/wp-content\/uploads\/usu1851\/2025\/02\/Radio-Romanica-2.mp3<\/a><\/audio>\n","protected":false},"excerpt":{"rendered":"<p>El curs 24-25, gr\u00e0cies a l\u2019aportaci\u00f3 de la maleta audiovisual pel part del Departament d\u2019Educaci\u00f3 i Formaci\u00f3 Professional, hem engegat el Projecte R\u00e0dio amb els alumnes de cicle superior.<br \/>\nL\u2019objectiu \u00e9s treballar la compet\u00e8ncia ling\u00fc\u00edstica de manera funcional, significativa i engrescadora.<br \/>\nLa r\u00e0dio escolar \u00e9s una experi\u00e8ncia&hellip;  <a href=\"https:\/\/agora.xtec.cat\/ceiplaromanica\/general\/radio-romanica-rr-programa-1\/\" title=\"Read R\u00c0DIO ROM\u00c0NICA R&#038;R: PROGRAMA 1\">Llegeix m\u00e9s\u00bb<\/a><\/p>\n","protected":false},"author":1,"featured_media":5890,"comment_status":"open","ping_status":"closed","sticky":false,"template":"","format":"standard","meta":{"_bbp_topic_count":0,"_bbp_reply_count":0,"_bbp_total_topic_count":0,"_bbp_total_reply_count":0,"_bbp_voice_count":0,"_bbp_anonymous_reply_count":0,"_bbp_topic_count_hidden":0,"_bbp_reply_count_hidden":0,"_bbp_forum_subforum_count":0,"footnotes":""},"categories":[14,15,90,1,96,4],"tags":[],"class_list":["post-5887","post","type-post","status-publish","format-standard","has-post-thumbnail","hentry","category-5e","category-6e","category-escola","category-general","category-infantil-i-primaria","category-portada"],"post_mailing_queue_ids":[],"_links":{"self":[{"href":"https:\/\/agora.xtec.cat\/ceiplaromanica\/wp-json\/wp\/v2\/posts\/5887","targetHints":{"allow":["GET"]}}],"collection":[{"href":"https:\/\/agora.xtec.cat\/ceiplaromanica\/wp-json\/wp\/v2\/posts"}],"about":[{"href":"https:\/\/agora.xtec.cat\/ceiplaromanica\/wp-json\/wp\/v2\/types\/post"}],"author":[{"embeddable":true,"href":"https:\/\/agora.xtec.cat\/ceiplaromanica\/wp-json\/wp\/v2\/users\/1"}],"replies":[{"embeddable":true,"href":"https:\/\/agora.xtec.cat\/ceiplaromanica\/wp-json\/wp\/v2\/comments?post=5887"}],"version-history":[{"count":6,"href":"https:\/\/agora.xtec.cat\/ceiplaromanica\/wp-json\/wp\/v2\/posts\/5887\/revisions"}],"predecessor-version":[{"id":6049,"href":"https:\/\/agora.xtec.cat\/ceiplaromanica\/wp-json\/wp\/v2\/posts\/5887\/revisions\/6049"}],"wp:featuredmedia":[{"embeddable":true,"href":"https:\/\/agora.xtec.cat\/ceiplaromanica\/wp-json\/wp\/v2\/media\/5890"}],"wp:attachment":[{"href":"https:\/\/agora.xtec.cat\/ceiplaromanica\/wp-json\/wp\/v2\/media?parent=5887"}],"wp:term":[{"taxonomy":"category","embeddable":true,"href":"https:\/\/agora.xtec.cat\/ceiplaromanica\/wp-json\/wp\/v2\/categories?post=5887"},{"taxonomy":"post_tag","embeddable":true,"href":"https:\/\/agora.xtec.cat\/ceiplaromanica\/wp-json\/wp\/v2\/tags?post=5887"}],"curies":[{"name":"wp","href":"https:\/\/api.w.org\/{rel}","templated":true}]}}