{"id":5770,"date":"2024-12-09T10:58:36","date_gmt":"2024-12-09T09:58:36","guid":{"rendered":"https:\/\/agora.xtec.cat\/ceiplaromanica\/?p=5770"},"modified":"2024-12-09T14:01:59","modified_gmt":"2024-12-09T13:01:59","slug":"anem-al-mercat-2","status":"publish","type":"post","link":"https:\/\/agora.xtec.cat\/ceiplaromanica\/general\/anem-al-mercat-2\/","title":{"rendered":"ANEM AL MERCAT"},"content":{"rendered":"<p><span style=\"font-weight: 400;\">La setmana passada els nens i les nenes de segon vam passejar fins al Mercat Central de Sabadell. All\u00ed ens van mostrar totes les parades i els productes que venen. Despr\u00e9s ens van donar una llista de la compra amb aliments saludables per fer un esmorzar. Ens vam dividir en grups i vam comprar tots els productes que ens van indicar. Ens ho vam passar d\u2019all\u00f2 m\u00e9s b\u00e9!<a href=\"https:\/\/agora.xtec.cat\/ceiplaromanica\/wp-content\/uploads\/usu1851\/2024\/12\/WhatsApp-Image-2024-11-21-at-21.29.46.jpeg\"><img loading=\"lazy\" decoding=\"async\" class=\"alignnone size-large wp-image-5771\" src=\"https:\/\/agora.xtec.cat\/ceiplaromanica\/wp-content\/uploads\/usu1851\/2024\/12\/WhatsApp-Image-2024-11-21-at-21.29.46-1024x768.jpeg\" alt=\"\" width=\"1024\" height=\"768\" srcset=\"https:\/\/agora.xtec.cat\/ceiplaromanica\/wp-content\/uploads\/usu1851\/2024\/12\/WhatsApp-Image-2024-11-21-at-21.29.46-1024x768.jpeg 1024w, https:\/\/agora.xtec.cat\/ceiplaromanica\/wp-content\/uploads\/usu1851\/2024\/12\/WhatsApp-Image-2024-11-21-at-21.29.46-300x225.jpeg 300w, https:\/\/agora.xtec.cat\/ceiplaromanica\/wp-content\/uploads\/usu1851\/2024\/12\/WhatsApp-Image-2024-11-21-at-21.29.46-768x576.jpeg 768w, https:\/\/agora.xtec.cat\/ceiplaromanica\/wp-content\/uploads\/usu1851\/2024\/12\/WhatsApp-Image-2024-11-21-at-21.29.46-1536x1152.jpeg 1536w, https:\/\/agora.xtec.cat\/ceiplaromanica\/wp-content\/uploads\/usu1851\/2024\/12\/WhatsApp-Image-2024-11-21-at-21.29.46-200x150.jpeg 200w, https:\/\/agora.xtec.cat\/ceiplaromanica\/wp-content\/uploads\/usu1851\/2024\/12\/WhatsApp-Image-2024-11-21-at-21.29.46.jpeg 1600w\" sizes=\"auto, (max-width: 1024px) 100vw, 1024px\" \/><\/a><a href=\"https:\/\/agora.xtec.cat\/ceiplaromanica\/wp-content\/uploads\/usu1851\/2024\/12\/WhatsApp-Image-2024-11-21-at-22.13.30.jpeg\"><img loading=\"lazy\" decoding=\"async\" class=\"alignnone size-large wp-image-5772\" src=\"https:\/\/agora.xtec.cat\/ceiplaromanica\/wp-content\/uploads\/usu1851\/2024\/12\/WhatsApp-Image-2024-11-21-at-22.13.30-1024x804.jpeg\" alt=\"\" width=\"1024\" height=\"804\" srcset=\"https:\/\/agora.xtec.cat\/ceiplaromanica\/wp-content\/uploads\/usu1851\/2024\/12\/WhatsApp-Image-2024-11-21-at-22.13.30-1024x804.jpeg 1024w, https:\/\/agora.xtec.cat\/ceiplaromanica\/wp-content\/uploads\/usu1851\/2024\/12\/WhatsApp-Image-2024-11-21-at-22.13.30-300x235.jpeg 300w, https:\/\/agora.xtec.cat\/ceiplaromanica\/wp-content\/uploads\/usu1851\/2024\/12\/WhatsApp-Image-2024-11-21-at-22.13.30-768x603.jpeg 768w, https:\/\/agora.xtec.cat\/ceiplaromanica\/wp-content\/uploads\/usu1851\/2024\/12\/WhatsApp-Image-2024-11-21-at-22.13.30.jpeg 1529w\" sizes=\"auto, (max-width: 1024px) 100vw, 1024px\" \/><\/a><a href=\"https:\/\/agora.xtec.cat\/ceiplaromanica\/wp-content\/uploads\/usu1851\/2024\/12\/WhatsApp-Image-2024-11-21-at-18.51.27.jpeg\"><img loading=\"lazy\" decoding=\"async\" class=\"alignnone size-large wp-image-5773\" src=\"https:\/\/agora.xtec.cat\/ceiplaromanica\/wp-content\/uploads\/usu1851\/2024\/12\/WhatsApp-Image-2024-11-21-at-18.51.27-768x1024.jpeg\" alt=\"\" width=\"768\" height=\"1024\" srcset=\"https:\/\/agora.xtec.cat\/ceiplaromanica\/wp-content\/uploads\/usu1851\/2024\/12\/WhatsApp-Image-2024-11-21-at-18.51.27-768x1024.jpeg 768w, https:\/\/agora.xtec.cat\/ceiplaromanica\/wp-content\/uploads\/usu1851\/2024\/12\/WhatsApp-Image-2024-11-21-at-18.51.27-225x300.jpeg 225w, https:\/\/agora.xtec.cat\/ceiplaromanica\/wp-content\/uploads\/usu1851\/2024\/12\/WhatsApp-Image-2024-11-21-at-18.51.27-1152x1536.jpeg 1152w, https:\/\/agora.xtec.cat\/ceiplaromanica\/wp-content\/uploads\/usu1851\/2024\/12\/WhatsApp-Image-2024-11-21-at-18.51.27.jpeg 1536w\" sizes=\"auto, (max-width: 768px) 100vw, 768px\" \/><\/a><a href=\"https:\/\/agora.xtec.cat\/ceiplaromanica\/wp-content\/uploads\/usu1851\/2024\/12\/WhatsApp-Image-2024-11-21-at-18.51.28.jpeg\"><img loading=\"lazy\" decoding=\"async\" class=\"alignnone size-large wp-image-5774\" src=\"https:\/\/agora.xtec.cat\/ceiplaromanica\/wp-content\/uploads\/usu1851\/2024\/12\/WhatsApp-Image-2024-11-21-at-18.51.28-768x1024.jpeg\" alt=\"\" width=\"768\" height=\"1024\" srcset=\"https:\/\/agora.xtec.cat\/ceiplaromanica\/wp-content\/uploads\/usu1851\/2024\/12\/WhatsApp-Image-2024-11-21-at-18.51.28-768x1024.jpeg 768w, https:\/\/agora.xtec.cat\/ceiplaromanica\/wp-content\/uploads\/usu1851\/2024\/12\/WhatsApp-Image-2024-11-21-at-18.51.28-225x300.jpeg 225w, https:\/\/agora.xtec.cat\/ceiplaromanica\/wp-content\/uploads\/usu1851\/2024\/12\/WhatsApp-Image-2024-11-21-at-18.51.28-1152x1536.jpeg 1152w, https:\/\/agora.xtec.cat\/ceiplaromanica\/wp-content\/uploads\/usu1851\/2024\/12\/WhatsApp-Image-2024-11-21-at-18.51.28.jpeg 1536w\" sizes=\"auto, (max-width: 768px) 100vw, 768px\" \/><\/a><\/span><\/p>\n","protected":false},"excerpt":{"rendered":"<p>La setmana passada els nens i les nenes de segon vam passejar fins al Mercat Central de Sabadell. All\u00ed ens van mostrar totes les parades i els productes que venen. Despr\u00e9s ens van donar una llista de la compra amb aliments saludables per fer un&hellip;  <a href=\"https:\/\/agora.xtec.cat\/ceiplaromanica\/general\/anem-al-mercat-2\/\" title=\"Read ANEM AL MERCAT\">Llegeix m\u00e9s\u00bb<\/a><\/p>\n","protected":false},"author":21,"featured_media":5774,"comment_status":"open","ping_status":"closed","sticky":false,"template":"","format":"standard","meta":{"_bbp_topic_count":0,"_bbp_reply_count":0,"_bbp_total_topic_count":0,"_bbp_total_reply_count":0,"_bbp_voice_count":0,"_bbp_anonymous_reply_count":0,"_bbp_topic_count_hidden":0,"_bbp_reply_count_hidden":0,"_bbp_forum_subforum_count":0,"footnotes":""},"categories":[11,90,1,96,4,5],"tags":[],"class_list":["post-5770","post","type-post","status-publish","format-standard","has-post-thumbnail","hentry","category-2n","category-escola","category-general","category-infantil-i-primaria","category-portada","category-primaria"],"post_mailing_queue_ids":[],"_links":{"self":[{"href":"https:\/\/agora.xtec.cat\/ceiplaromanica\/wp-json\/wp\/v2\/posts\/5770","targetHints":{"allow":["GET"]}}],"collection":[{"href":"https:\/\/agora.xtec.cat\/ceiplaromanica\/wp-json\/wp\/v2\/posts"}],"about":[{"href":"https:\/\/agora.xtec.cat\/ceiplaromanica\/wp-json\/wp\/v2\/types\/post"}],"author":[{"embeddable":true,"href":"https:\/\/agora.xtec.cat\/ceiplaromanica\/wp-json\/wp\/v2\/users\/21"}],"replies":[{"embeddable":true,"href":"https:\/\/agora.xtec.cat\/ceiplaromanica\/wp-json\/wp\/v2\/comments?post=5770"}],"version-history":[{"count":3,"href":"https:\/\/agora.xtec.cat\/ceiplaromanica\/wp-json\/wp\/v2\/posts\/5770\/revisions"}],"predecessor-version":[{"id":5782,"href":"https:\/\/agora.xtec.cat\/ceiplaromanica\/wp-json\/wp\/v2\/posts\/5770\/revisions\/5782"}],"wp:featuredmedia":[{"embeddable":true,"href":"https:\/\/agora.xtec.cat\/ceiplaromanica\/wp-json\/wp\/v2\/media\/5774"}],"wp:attachment":[{"href":"https:\/\/agora.xtec.cat\/ceiplaromanica\/wp-json\/wp\/v2\/media?parent=5770"}],"wp:term":[{"taxonomy":"category","embeddable":true,"href":"https:\/\/agora.xtec.cat\/ceiplaromanica\/wp-json\/wp\/v2\/categories?post=5770"},{"taxonomy":"post_tag","embeddable":true,"href":"https:\/\/agora.xtec.cat\/ceiplaromanica\/wp-json\/wp\/v2\/tags?post=5770"}],"curies":[{"name":"wp","href":"https:\/\/api.w.org\/{rel}","templated":true}]}}