{"id":5765,"date":"2024-12-09T10:58:56","date_gmt":"2024-12-09T09:58:56","guid":{"rendered":"https:\/\/agora.xtec.cat\/ceiplaromanica\/?p=5765"},"modified":"2024-12-09T14:01:48","modified_gmt":"2024-12-09T13:01:48","slug":"anem-de-concert","status":"publish","type":"post","link":"https:\/\/agora.xtec.cat\/ceiplaromanica\/general\/anem-de-concert\/","title":{"rendered":"ANEM DE CONCERT"},"content":{"rendered":"<p>L&#8217;\u00faltim dilluns de novembre <span style=\"font-weight: 400;\">els nens i les nenes de primer vam anar a Barcelona per veure un concert en el Palau de la M\u00fasica Catalana. Ens va encantar! Era preci\u00f3s i ple de colors brillants. El concert tamb\u00e9 ens va agradar molt. Els m\u00fasics ens van sorprendre amb sardanes, can\u00e7ons populars catalanes i alguna melodia de jazz. Va ser un dia molt divertit!<\/span><\/p>\n<p><a href=\"https:\/\/agora.xtec.cat\/ceiplaromanica\/wp-content\/uploads\/usu1851\/2024\/12\/WhatsApp-Image-2024-11-21-at-08.55.10.jpeg\"><img loading=\"lazy\" decoding=\"async\" class=\"alignnone size-large wp-image-5766\" src=\"https:\/\/agora.xtec.cat\/ceiplaromanica\/wp-content\/uploads\/usu1851\/2024\/12\/WhatsApp-Image-2024-11-21-at-08.55.10-768x1024.jpeg\" alt=\"\" width=\"768\" height=\"1024\" srcset=\"https:\/\/agora.xtec.cat\/ceiplaromanica\/wp-content\/uploads\/usu1851\/2024\/12\/WhatsApp-Image-2024-11-21-at-08.55.10-768x1024.jpeg 768w, https:\/\/agora.xtec.cat\/ceiplaromanica\/wp-content\/uploads\/usu1851\/2024\/12\/WhatsApp-Image-2024-11-21-at-08.55.10-225x300.jpeg 225w, https:\/\/agora.xtec.cat\/ceiplaromanica\/wp-content\/uploads\/usu1851\/2024\/12\/WhatsApp-Image-2024-11-21-at-08.55.10-1152x1536.jpeg 1152w, https:\/\/agora.xtec.cat\/ceiplaromanica\/wp-content\/uploads\/usu1851\/2024\/12\/WhatsApp-Image-2024-11-21-at-08.55.10.jpeg 1200w\" sizes=\"auto, (max-width: 768px) 100vw, 768px\" \/><\/a><a href=\"https:\/\/agora.xtec.cat\/ceiplaromanica\/wp-content\/uploads\/usu1851\/2024\/12\/WhatsApp-Image-2024-11-21-at-10.49.15.jpeg\"><img loading=\"lazy\" decoding=\"async\" class=\"alignnone size-large wp-image-5767\" src=\"https:\/\/agora.xtec.cat\/ceiplaromanica\/wp-content\/uploads\/usu1851\/2024\/12\/WhatsApp-Image-2024-11-21-at-10.49.15-1024x576.jpeg\" alt=\"\" width=\"1024\" height=\"576\" srcset=\"https:\/\/agora.xtec.cat\/ceiplaromanica\/wp-content\/uploads\/usu1851\/2024\/12\/WhatsApp-Image-2024-11-21-at-10.49.15-1024x576.jpeg 1024w, https:\/\/agora.xtec.cat\/ceiplaromanica\/wp-content\/uploads\/usu1851\/2024\/12\/WhatsApp-Image-2024-11-21-at-10.49.15-300x169.jpeg 300w, https:\/\/agora.xtec.cat\/ceiplaromanica\/wp-content\/uploads\/usu1851\/2024\/12\/WhatsApp-Image-2024-11-21-at-10.49.15-768x432.jpeg 768w, https:\/\/agora.xtec.cat\/ceiplaromanica\/wp-content\/uploads\/usu1851\/2024\/12\/WhatsApp-Image-2024-11-21-at-10.49.15-1536x864.jpeg 1536w, https:\/\/agora.xtec.cat\/ceiplaromanica\/wp-content\/uploads\/usu1851\/2024\/12\/WhatsApp-Image-2024-11-21-at-10.49.15.jpeg 2040w\" sizes=\"auto, (max-width: 1024px) 100vw, 1024px\" \/><\/a><a href=\"https:\/\/agora.xtec.cat\/ceiplaromanica\/wp-content\/uploads\/usu1851\/2024\/12\/WhatsApp-Image-2024-11-21-at-20.07.16-1.jpeg\"><img loading=\"lazy\" decoding=\"async\" class=\"alignnone size-large wp-image-5768\" src=\"https:\/\/agora.xtec.cat\/ceiplaromanica\/wp-content\/uploads\/usu1851\/2024\/12\/WhatsApp-Image-2024-11-21-at-20.07.16-1-1024x768.jpeg\" alt=\"\" width=\"1024\" height=\"768\" srcset=\"https:\/\/agora.xtec.cat\/ceiplaromanica\/wp-content\/uploads\/usu1851\/2024\/12\/WhatsApp-Image-2024-11-21-at-20.07.16-1-1024x768.jpeg 1024w, https:\/\/agora.xtec.cat\/ceiplaromanica\/wp-content\/uploads\/usu1851\/2024\/12\/WhatsApp-Image-2024-11-21-at-20.07.16-1-300x225.jpeg 300w, https:\/\/agora.xtec.cat\/ceiplaromanica\/wp-content\/uploads\/usu1851\/2024\/12\/WhatsApp-Image-2024-11-21-at-20.07.16-1-768x576.jpeg 768w, https:\/\/agora.xtec.cat\/ceiplaromanica\/wp-content\/uploads\/usu1851\/2024\/12\/WhatsApp-Image-2024-11-21-at-20.07.16-1-1536x1152.jpeg 1536w, https:\/\/agora.xtec.cat\/ceiplaromanica\/wp-content\/uploads\/usu1851\/2024\/12\/WhatsApp-Image-2024-11-21-at-20.07.16-1-200x150.jpeg 200w, https:\/\/agora.xtec.cat\/ceiplaromanica\/wp-content\/uploads\/usu1851\/2024\/12\/WhatsApp-Image-2024-11-21-at-20.07.16-1.jpeg 1600w\" sizes=\"auto, (max-width: 1024px) 100vw, 1024px\" \/><\/a><\/p>\n<p>&nbsp;<\/p>\n","protected":false},"excerpt":{"rendered":"<p>L&#8217;\u00faltim dilluns de novembre els nens i les nenes de primer vam anar a Barcelona per veure un concert en el Palau de la M\u00fasica Catalana. Ens va encantar! Era preci\u00f3s i ple de colors brillants. El concert tamb\u00e9 ens va agradar molt. Els m\u00fasics&hellip;  <a href=\"https:\/\/agora.xtec.cat\/ceiplaromanica\/general\/anem-de-concert\/\" title=\"Read ANEM DE CONCERT\">Llegeix m\u00e9s\u00bb<\/a><\/p>\n","protected":false},"author":21,"featured_media":5768,"comment_status":"open","ping_status":"closed","sticky":false,"template":"","format":"standard","meta":{"_bbp_topic_count":0,"_bbp_reply_count":0,"_bbp_total_topic_count":0,"_bbp_total_reply_count":0,"_bbp_voice_count":0,"_bbp_anonymous_reply_count":0,"_bbp_topic_count_hidden":0,"_bbp_reply_count_hidden":0,"_bbp_forum_subforum_count":0,"footnotes":""},"categories":[10,90,1,96,4,5],"tags":[],"class_list":["post-5765","post","type-post","status-publish","format-standard","has-post-thumbnail","hentry","category-1r","category-escola","category-general","category-infantil-i-primaria","category-portada","category-primaria"],"post_mailing_queue_ids":[],"_links":{"self":[{"href":"https:\/\/agora.xtec.cat\/ceiplaromanica\/wp-json\/wp\/v2\/posts\/5765","targetHints":{"allow":["GET"]}}],"collection":[{"href":"https:\/\/agora.xtec.cat\/ceiplaromanica\/wp-json\/wp\/v2\/posts"}],"about":[{"href":"https:\/\/agora.xtec.cat\/ceiplaromanica\/wp-json\/wp\/v2\/types\/post"}],"author":[{"embeddable":true,"href":"https:\/\/agora.xtec.cat\/ceiplaromanica\/wp-json\/wp\/v2\/users\/21"}],"replies":[{"embeddable":true,"href":"https:\/\/agora.xtec.cat\/ceiplaromanica\/wp-json\/wp\/v2\/comments?post=5765"}],"version-history":[{"count":2,"href":"https:\/\/agora.xtec.cat\/ceiplaromanica\/wp-json\/wp\/v2\/posts\/5765\/revisions"}],"predecessor-version":[{"id":5781,"href":"https:\/\/agora.xtec.cat\/ceiplaromanica\/wp-json\/wp\/v2\/posts\/5765\/revisions\/5781"}],"wp:featuredmedia":[{"embeddable":true,"href":"https:\/\/agora.xtec.cat\/ceiplaromanica\/wp-json\/wp\/v2\/media\/5768"}],"wp:attachment":[{"href":"https:\/\/agora.xtec.cat\/ceiplaromanica\/wp-json\/wp\/v2\/media?parent=5765"}],"wp:term":[{"taxonomy":"category","embeddable":true,"href":"https:\/\/agora.xtec.cat\/ceiplaromanica\/wp-json\/wp\/v2\/categories?post=5765"},{"taxonomy":"post_tag","embeddable":true,"href":"https:\/\/agora.xtec.cat\/ceiplaromanica\/wp-json\/wp\/v2\/tags?post=5765"}],"curies":[{"name":"wp","href":"https:\/\/api.w.org\/{rel}","templated":true}]}}