{"id":5680,"date":"2024-11-18T13:24:02","date_gmt":"2024-11-18T12:24:02","guid":{"rendered":"https:\/\/agora.xtec.cat\/ceiplaromanica\/?p=5680"},"modified":"2024-11-18T14:20:39","modified_gmt":"2024-11-18T13:20:39","slug":"sortida-a-la-biblioteca-del-sud","status":"publish","type":"post","link":"https:\/\/agora.xtec.cat\/ceiplaromanica\/general\/sortida-a-la-biblioteca-del-sud\/","title":{"rendered":"SORTIDA A LA BIBLIOTECA DEL SUD"},"content":{"rendered":"<p>El mes d&#8217;octubre l&#8217;alumnat de sis\u00e8 va anar a visitar la Biblioteca del Sud per a treballar el c\u00f2mic, a trav\u00e9s d&#8217;un taller.<a href=\"https:\/\/agora.xtec.cat\/ceiplaromanica\/wp-content\/uploads\/usu1851\/2024\/11\/Imatge-3-scaled.jpg\"><img loading=\"lazy\" decoding=\"async\" class=\"alignnone size-large wp-image-5676\" src=\"https:\/\/agora.xtec.cat\/ceiplaromanica\/wp-content\/uploads\/usu1851\/2024\/11\/Imatge-3-1024x1024.jpg\" alt=\"\" width=\"1024\" height=\"1024\" srcset=\"https:\/\/agora.xtec.cat\/ceiplaromanica\/wp-content\/uploads\/usu1851\/2024\/11\/Imatge-3-1024x1024.jpg 1024w, https:\/\/agora.xtec.cat\/ceiplaromanica\/wp-content\/uploads\/usu1851\/2024\/11\/Imatge-3-300x300.jpg 300w, https:\/\/agora.xtec.cat\/ceiplaromanica\/wp-content\/uploads\/usu1851\/2024\/11\/Imatge-3-150x150.jpg 150w, https:\/\/agora.xtec.cat\/ceiplaromanica\/wp-content\/uploads\/usu1851\/2024\/11\/Imatge-3-768x768.jpg 768w, https:\/\/agora.xtec.cat\/ceiplaromanica\/wp-content\/uploads\/usu1851\/2024\/11\/Imatge-3-1536x1536.jpg 1536w, https:\/\/agora.xtec.cat\/ceiplaromanica\/wp-content\/uploads\/usu1851\/2024\/11\/Imatge-3-2048x2048.jpg 2048w\" sizes=\"auto, (max-width: 1024px) 100vw, 1024px\" \/><\/a> <a href=\"https:\/\/agora.xtec.cat\/ceiplaromanica\/wp-content\/uploads\/usu1851\/2024\/11\/Imatge-2-scaled.jpg\"><img loading=\"lazy\" decoding=\"async\" class=\"alignnone size-large wp-image-5675\" src=\"https:\/\/agora.xtec.cat\/ceiplaromanica\/wp-content\/uploads\/usu1851\/2024\/11\/Imatge-2-1024x1024.jpg\" alt=\"\" width=\"1024\" height=\"1024\" srcset=\"https:\/\/agora.xtec.cat\/ceiplaromanica\/wp-content\/uploads\/usu1851\/2024\/11\/Imatge-2-1024x1024.jpg 1024w, https:\/\/agora.xtec.cat\/ceiplaromanica\/wp-content\/uploads\/usu1851\/2024\/11\/Imatge-2-300x300.jpg 300w, https:\/\/agora.xtec.cat\/ceiplaromanica\/wp-content\/uploads\/usu1851\/2024\/11\/Imatge-2-150x150.jpg 150w, https:\/\/agora.xtec.cat\/ceiplaromanica\/wp-content\/uploads\/usu1851\/2024\/11\/Imatge-2-768x768.jpg 768w, https:\/\/agora.xtec.cat\/ceiplaromanica\/wp-content\/uploads\/usu1851\/2024\/11\/Imatge-2-1536x1536.jpg 1536w, https:\/\/agora.xtec.cat\/ceiplaromanica\/wp-content\/uploads\/usu1851\/2024\/11\/Imatge-2-2048x2048.jpg 2048w\" sizes=\"auto, (max-width: 1024px) 100vw, 1024px\" \/><\/a><a href=\"https:\/\/agora.xtec.cat\/ceiplaromanica\/wp-content\/uploads\/usu1851\/2024\/11\/Imatge-4-scaled.jpg\"><img loading=\"lazy\" decoding=\"async\" class=\"alignnone size-large wp-image-5677\" src=\"https:\/\/agora.xtec.cat\/ceiplaromanica\/wp-content\/uploads\/usu1851\/2024\/11\/Imatge-4-1024x768.jpg\" alt=\"\" width=\"1024\" height=\"768\" srcset=\"https:\/\/agora.xtec.cat\/ceiplaromanica\/wp-content\/uploads\/usu1851\/2024\/11\/Imatge-4-1024x768.jpg 1024w, https:\/\/agora.xtec.cat\/ceiplaromanica\/wp-content\/uploads\/usu1851\/2024\/11\/Imatge-4-300x225.jpg 300w, https:\/\/agora.xtec.cat\/ceiplaromanica\/wp-content\/uploads\/usu1851\/2024\/11\/Imatge-4-768x576.jpg 768w, https:\/\/agora.xtec.cat\/ceiplaromanica\/wp-content\/uploads\/usu1851\/2024\/11\/Imatge-4-1536x1152.jpg 1536w, https:\/\/agora.xtec.cat\/ceiplaromanica\/wp-content\/uploads\/usu1851\/2024\/11\/Imatge-4-2048x1536.jpg 2048w, https:\/\/agora.xtec.cat\/ceiplaromanica\/wp-content\/uploads\/usu1851\/2024\/11\/Imatge-4-200x150.jpg 200w\" sizes=\"auto, (max-width: 1024px) 100vw, 1024px\" \/><\/a><\/p>\n","protected":false},"excerpt":{"rendered":"<p>El mes d&#8217;octubre l&#8217;alumnat de sis\u00e8 va anar a visitar la Biblioteca del Sud per a treballar el c\u00f2mic, a trav\u00e9s d&#8217;un taller.<a href=\"https:\/\/agora.xtec.cat\/ceiplaromanica\/wp-content\/uploads\/usu1851\/2024\/11\/Imatge-3-scaled.jpg\"><\/a> <a href=\"https:\/\/agora.xtec.cat\/ceiplaromanica\/wp-content\/uploads\/usu1851\/2024\/11\/Imatge-2-scaled.jpg\"><\/a><a href=\"https:\/\/agora.xtec.cat\/ceiplaromanica\/wp-content\/uploads\/usu1851\/2024\/11\/Imatge-4-scaled.jpg\"><\/a><\/p>\n","protected":false},"author":21,"featured_media":5675,"comment_status":"closed","ping_status":"closed","sticky":false,"template":"","format":"standard","meta":{"_bbp_topic_count":0,"_bbp_reply_count":0,"_bbp_total_topic_count":0,"_bbp_total_reply_count":0,"_bbp_voice_count":0,"_bbp_anonymous_reply_count":0,"_bbp_topic_count_hidden":0,"_bbp_reply_count_hidden":0,"_bbp_forum_subforum_count":0,"footnotes":""},"categories":[15,1,2,96,4,5],"tags":[],"class_list":["post-5680","post","type-post","status-publish","format-standard","has-post-thumbnail","hentry","category-6e","category-general","category-infantil","category-infantil-i-primaria","category-portada","category-primaria"],"post_mailing_queue_ids":[],"_links":{"self":[{"href":"https:\/\/agora.xtec.cat\/ceiplaromanica\/wp-json\/wp\/v2\/posts\/5680","targetHints":{"allow":["GET"]}}],"collection":[{"href":"https:\/\/agora.xtec.cat\/ceiplaromanica\/wp-json\/wp\/v2\/posts"}],"about":[{"href":"https:\/\/agora.xtec.cat\/ceiplaromanica\/wp-json\/wp\/v2\/types\/post"}],"author":[{"embeddable":true,"href":"https:\/\/agora.xtec.cat\/ceiplaromanica\/wp-json\/wp\/v2\/users\/21"}],"replies":[{"embeddable":true,"href":"https:\/\/agora.xtec.cat\/ceiplaromanica\/wp-json\/wp\/v2\/comments?post=5680"}],"version-history":[{"count":2,"href":"https:\/\/agora.xtec.cat\/ceiplaromanica\/wp-json\/wp\/v2\/posts\/5680\/revisions"}],"predecessor-version":[{"id":5682,"href":"https:\/\/agora.xtec.cat\/ceiplaromanica\/wp-json\/wp\/v2\/posts\/5680\/revisions\/5682"}],"wp:featuredmedia":[{"embeddable":true,"href":"https:\/\/agora.xtec.cat\/ceiplaromanica\/wp-json\/wp\/v2\/media\/5675"}],"wp:attachment":[{"href":"https:\/\/agora.xtec.cat\/ceiplaromanica\/wp-json\/wp\/v2\/media?parent=5680"}],"wp:term":[{"taxonomy":"category","embeddable":true,"href":"https:\/\/agora.xtec.cat\/ceiplaromanica\/wp-json\/wp\/v2\/categories?post=5680"},{"taxonomy":"post_tag","embeddable":true,"href":"https:\/\/agora.xtec.cat\/ceiplaromanica\/wp-json\/wp\/v2\/tags?post=5680"}],"curies":[{"name":"wp","href":"https:\/\/api.w.org\/{rel}","templated":true}]}}