{"id":4977,"date":"2024-05-27T12:29:23","date_gmt":"2024-05-27T10:29:23","guid":{"rendered":"https:\/\/agora.xtec.cat\/ceiplaromanica\/?p=4977"},"modified":"2024-05-27T16:59:44","modified_gmt":"2024-05-27T14:59:44","slug":"el-nostre-barri","status":"publish","type":"post","link":"https:\/\/agora.xtec.cat\/ceiplaromanica\/portada\/el-nostre-barri\/","title":{"rendered":"EL NOSTRE BARRI"},"content":{"rendered":"<p><span style=\"font-weight: 400;\">Les nenes i els nens de segon, amb l\u2019ajuda de les seves fam\u00edlies, han preparat unes maquetes representant cases, botigues, edificis i moltes coses m\u00e9s del barri on es troba la nostra escola:<\/span><\/p>\n<p><span style=\"font-weight: 400;\">LA CREU DE BARBER\u00c0.<\/span><\/p>\n<p><span style=\"font-weight: 400;\">El resultat ha estat espectacular!\u00a0<\/span><\/p>\n<p><span style=\"font-weight: 400;\">Al nostre passad\u00eds podem veure la maqueta de l\u2019escola, el CAP, la masia Can Viloca, la biblioteca, el parc, la Pla\u00e7a Castelao, un forn de pa, la farm\u00e0cia, el camp de futbol&#8230;<\/span><\/p>\n<p><span style=\"font-weight: 400;\">Hem apr\u00e8s moltes coses sobre el barri, com s\u00f3n els carrers actualment, com eren abans, perqu\u00e8 t\u00e9 aquest nom &#8230; i hem situat al mapa els llocs m\u00e9s representatius.<\/span><\/p>\n<p><span style=\"font-weight: 400;\">Moltes gr\u00e0cies per la vostra col\u00b7laboraci\u00f3 mares i pares!<\/span><a href=\"https:\/\/agora.xtec.cat\/ceiplaromanica\/wp-content\/uploads\/usu1851\/2024\/05\/barri3-scaled.jpg\"><img loading=\"lazy\" decoding=\"async\" class=\"alignnone size-large wp-image-4979\" src=\"https:\/\/agora.xtec.cat\/ceiplaromanica\/wp-content\/uploads\/usu1851\/2024\/05\/barri3-1024x576.jpg\" alt=\"\" width=\"1024\" height=\"576\" srcset=\"https:\/\/agora.xtec.cat\/ceiplaromanica\/wp-content\/uploads\/usu1851\/2024\/05\/barri3-1024x576.jpg 1024w, https:\/\/agora.xtec.cat\/ceiplaromanica\/wp-content\/uploads\/usu1851\/2024\/05\/barri3-300x169.jpg 300w, https:\/\/agora.xtec.cat\/ceiplaromanica\/wp-content\/uploads\/usu1851\/2024\/05\/barri3-768x432.jpg 768w, https:\/\/agora.xtec.cat\/ceiplaromanica\/wp-content\/uploads\/usu1851\/2024\/05\/barri3-1536x864.jpg 1536w, https:\/\/agora.xtec.cat\/ceiplaromanica\/wp-content\/uploads\/usu1851\/2024\/05\/barri3-2048x1152.jpg 2048w\" sizes=\"auto, (max-width: 1024px) 100vw, 1024px\" \/><\/a> <a href=\"https:\/\/agora.xtec.cat\/ceiplaromanica\/wp-content\/uploads\/usu1851\/2024\/05\/barri-scaled.jpg\"><img loading=\"lazy\" decoding=\"async\" class=\"alignnone size-large wp-image-4981\" src=\"https:\/\/agora.xtec.cat\/ceiplaromanica\/wp-content\/uploads\/usu1851\/2024\/05\/barri-1024x576.jpg\" alt=\"\" width=\"1024\" height=\"576\" srcset=\"https:\/\/agora.xtec.cat\/ceiplaromanica\/wp-content\/uploads\/usu1851\/2024\/05\/barri-1024x576.jpg 1024w, https:\/\/agora.xtec.cat\/ceiplaromanica\/wp-content\/uploads\/usu1851\/2024\/05\/barri-300x169.jpg 300w, https:\/\/agora.xtec.cat\/ceiplaromanica\/wp-content\/uploads\/usu1851\/2024\/05\/barri-768x432.jpg 768w, https:\/\/agora.xtec.cat\/ceiplaromanica\/wp-content\/uploads\/usu1851\/2024\/05\/barri-1536x864.jpg 1536w, https:\/\/agora.xtec.cat\/ceiplaromanica\/wp-content\/uploads\/usu1851\/2024\/05\/barri-2048x1152.jpg 2048w\" sizes=\"auto, (max-width: 1024px) 100vw, 1024px\" \/><\/a> <a href=\"https:\/\/agora.xtec.cat\/ceiplaromanica\/wp-content\/uploads\/usu1851\/2024\/05\/barri2-scaled.jpg\"><img loading=\"lazy\" decoding=\"async\" class=\"alignnone size-large wp-image-4980\" src=\"https:\/\/agora.xtec.cat\/ceiplaromanica\/wp-content\/uploads\/usu1851\/2024\/05\/barri2-1024x576.jpg\" alt=\"\" width=\"1024\" height=\"576\" srcset=\"https:\/\/agora.xtec.cat\/ceiplaromanica\/wp-content\/uploads\/usu1851\/2024\/05\/barri2-1024x576.jpg 1024w, https:\/\/agora.xtec.cat\/ceiplaromanica\/wp-content\/uploads\/usu1851\/2024\/05\/barri2-300x169.jpg 300w, https:\/\/agora.xtec.cat\/ceiplaromanica\/wp-content\/uploads\/usu1851\/2024\/05\/barri2-768x432.jpg 768w, https:\/\/agora.xtec.cat\/ceiplaromanica\/wp-content\/uploads\/usu1851\/2024\/05\/barri2-1536x864.jpg 1536w, https:\/\/agora.xtec.cat\/ceiplaromanica\/wp-content\/uploads\/usu1851\/2024\/05\/barri2-2048x1152.jpg 2048w\" sizes=\"auto, (max-width: 1024px) 100vw, 1024px\" \/><\/a> <a href=\"https:\/\/agora.xtec.cat\/ceiplaromanica\/wp-content\/uploads\/usu1851\/2024\/05\/barri4-scaled.jpg\"><img loading=\"lazy\" decoding=\"async\" class=\"alignnone size-large wp-image-4978\" src=\"https:\/\/agora.xtec.cat\/ceiplaromanica\/wp-content\/uploads\/usu1851\/2024\/05\/barri4-1024x576.jpg\" alt=\"\" width=\"1024\" height=\"576\" srcset=\"https:\/\/agora.xtec.cat\/ceiplaromanica\/wp-content\/uploads\/usu1851\/2024\/05\/barri4-1024x576.jpg 1024w, https:\/\/agora.xtec.cat\/ceiplaromanica\/wp-content\/uploads\/usu1851\/2024\/05\/barri4-300x169.jpg 300w, https:\/\/agora.xtec.cat\/ceiplaromanica\/wp-content\/uploads\/usu1851\/2024\/05\/barri4-768x432.jpg 768w, https:\/\/agora.xtec.cat\/ceiplaromanica\/wp-content\/uploads\/usu1851\/2024\/05\/barri4-1536x864.jpg 1536w, https:\/\/agora.xtec.cat\/ceiplaromanica\/wp-content\/uploads\/usu1851\/2024\/05\/barri4-2048x1152.jpg 2048w\" sizes=\"auto, (max-width: 1024px) 100vw, 1024px\" \/><\/a><\/p>\n","protected":false},"excerpt":{"rendered":"<p>Les nenes i els nens de segon, amb l\u2019ajuda de les seves fam\u00edlies, han preparat unes maquetes representant cases, botigues, edificis i moltes coses m\u00e9s del barri on es troba la nostra escola:<br \/>\nLA CREU DE BARBER\u00c0.<br \/>\nEl resultat ha estat espectacular!\u00a0<br \/>\nAl nostre passad\u00eds podem veure la&hellip;  <a href=\"https:\/\/agora.xtec.cat\/ceiplaromanica\/portada\/el-nostre-barri\/\" title=\"Read EL NOSTRE BARRI\">Llegeix m\u00e9s\u00bb<\/a><\/p>\n","protected":false},"author":1,"featured_media":4980,"comment_status":"open","ping_status":"closed","sticky":false,"template":"","format":"standard","meta":{"_bbp_topic_count":0,"_bbp_reply_count":0,"_bbp_total_topic_count":0,"_bbp_total_reply_count":0,"_bbp_voice_count":0,"_bbp_anonymous_reply_count":0,"_bbp_topic_count_hidden":0,"_bbp_reply_count_hidden":0,"_bbp_forum_subforum_count":0,"footnotes":""},"categories":[11,4,5],"tags":[],"class_list":["post-4977","post","type-post","status-publish","format-standard","has-post-thumbnail","hentry","category-2n","category-portada","category-primaria"],"post_mailing_queue_ids":[],"_links":{"self":[{"href":"https:\/\/agora.xtec.cat\/ceiplaromanica\/wp-json\/wp\/v2\/posts\/4977","targetHints":{"allow":["GET"]}}],"collection":[{"href":"https:\/\/agora.xtec.cat\/ceiplaromanica\/wp-json\/wp\/v2\/posts"}],"about":[{"href":"https:\/\/agora.xtec.cat\/ceiplaromanica\/wp-json\/wp\/v2\/types\/post"}],"author":[{"embeddable":true,"href":"https:\/\/agora.xtec.cat\/ceiplaromanica\/wp-json\/wp\/v2\/users\/1"}],"replies":[{"embeddable":true,"href":"https:\/\/agora.xtec.cat\/ceiplaromanica\/wp-json\/wp\/v2\/comments?post=4977"}],"version-history":[{"count":2,"href":"https:\/\/agora.xtec.cat\/ceiplaromanica\/wp-json\/wp\/v2\/posts\/4977\/revisions"}],"predecessor-version":[{"id":4984,"href":"https:\/\/agora.xtec.cat\/ceiplaromanica\/wp-json\/wp\/v2\/posts\/4977\/revisions\/4984"}],"wp:featuredmedia":[{"embeddable":true,"href":"https:\/\/agora.xtec.cat\/ceiplaromanica\/wp-json\/wp\/v2\/media\/4980"}],"wp:attachment":[{"href":"https:\/\/agora.xtec.cat\/ceiplaromanica\/wp-json\/wp\/v2\/media?parent=4977"}],"wp:term":[{"taxonomy":"category","embeddable":true,"href":"https:\/\/agora.xtec.cat\/ceiplaromanica\/wp-json\/wp\/v2\/categories?post=4977"},{"taxonomy":"post_tag","embeddable":true,"href":"https:\/\/agora.xtec.cat\/ceiplaromanica\/wp-json\/wp\/v2\/tags?post=4977"}],"curies":[{"name":"wp","href":"https:\/\/api.w.org\/{rel}","templated":true}]}}