{"id":4703,"date":"2024-03-18T13:00:48","date_gmt":"2024-03-18T12:00:48","guid":{"rendered":"https:\/\/agora.xtec.cat\/ceiplaromanica\/?p=4703"},"modified":"2024-03-18T18:39:56","modified_gmt":"2024-03-18T17:39:56","slug":"mostra-de-projectes-a-infantil","status":"publish","type":"post","link":"https:\/\/agora.xtec.cat\/ceiplaromanica\/portada\/mostra-de-projectes-a-infantil\/","title":{"rendered":"MOSTRA DE PROJECTES A INFANTIL"},"content":{"rendered":"<p><span style=\"font-weight: 400;\">El passat dijous dia 29 de febrer l\u2019escola va obrir les seves portes per compartir amb les fam\u00edlies el projecte de les ODS. Els nens i nenes d\u2019infantil vam dedicar la setmana per reflexionar al voltant de l\u2019alimentaci\u00f3 i hem apr\u00e8s molt\u00edssimes coses, per exemple que el sucre que mengem no sempre es pot veure i que \u00e9s molt important complementar la bona alimentaci\u00f3 amb bons h\u00e0bits com netejar-se les mans, menjar amb coberts, mastegar b\u00e9 i fer esport.<\/span><\/p>\n<p><span style=\"font-weight: 400;\">Va ser una setmana molt especial i per poder compartir amb les fam\u00edlies tot el que hav\u00edem apr\u00e8s vam pensar una recepta saludable que fer tots junts!<\/span><\/p>\n<p>&nbsp;<\/p>\n<p><a href=\"https:\/\/agora.xtec.cat\/ceiplaromanica\/wp-content\/uploads\/usu1851\/2024\/03\/Documentacions-ODS-2.png\"><img loading=\"lazy\" decoding=\"async\" class=\"alignnone size-large wp-image-4704\" src=\"https:\/\/agora.xtec.cat\/ceiplaromanica\/wp-content\/uploads\/usu1851\/2024\/03\/Documentacions-ODS-2-1024x724.png\" alt=\"\" width=\"1024\" height=\"724\" srcset=\"https:\/\/agora.xtec.cat\/ceiplaromanica\/wp-content\/uploads\/usu1851\/2024\/03\/Documentacions-ODS-2-1024x724.png 1024w, https:\/\/agora.xtec.cat\/ceiplaromanica\/wp-content\/uploads\/usu1851\/2024\/03\/Documentacions-ODS-2-300x212.png 300w, https:\/\/agora.xtec.cat\/ceiplaromanica\/wp-content\/uploads\/usu1851\/2024\/03\/Documentacions-ODS-2-768x543.png 768w, https:\/\/agora.xtec.cat\/ceiplaromanica\/wp-content\/uploads\/usu1851\/2024\/03\/Documentacions-ODS-2.png 1500w\" sizes=\"auto, (max-width: 1024px) 100vw, 1024px\" \/><\/a> <a href=\"https:\/\/agora.xtec.cat\/ceiplaromanica\/wp-content\/uploads\/usu1851\/2024\/03\/Documentacions-ODS-1.png\"><img loading=\"lazy\" decoding=\"async\" class=\"alignnone size-large wp-image-4705\" src=\"https:\/\/agora.xtec.cat\/ceiplaromanica\/wp-content\/uploads\/usu1851\/2024\/03\/Documentacions-ODS-1-1024x724.png\" alt=\"\" width=\"1024\" height=\"724\" srcset=\"https:\/\/agora.xtec.cat\/ceiplaromanica\/wp-content\/uploads\/usu1851\/2024\/03\/Documentacions-ODS-1-1024x724.png 1024w, https:\/\/agora.xtec.cat\/ceiplaromanica\/wp-content\/uploads\/usu1851\/2024\/03\/Documentacions-ODS-1-300x212.png 300w, https:\/\/agora.xtec.cat\/ceiplaromanica\/wp-content\/uploads\/usu1851\/2024\/03\/Documentacions-ODS-1-768x543.png 768w, https:\/\/agora.xtec.cat\/ceiplaromanica\/wp-content\/uploads\/usu1851\/2024\/03\/Documentacions-ODS-1.png 1500w\" sizes=\"auto, (max-width: 1024px) 100vw, 1024px\" \/><\/a><\/p>\n","protected":false},"excerpt":{"rendered":"<p>El passat dijous dia 29 de febrer l\u2019escola va obrir les seves portes per compartir amb les fam\u00edlies el projecte de les ODS. Els nens i nenes d\u2019infantil vam dedicar la setmana per reflexionar al voltant de l\u2019alimentaci\u00f3 i hem apr\u00e8s molt\u00edssimes coses, per exemple&hellip;  <a href=\"https:\/\/agora.xtec.cat\/ceiplaromanica\/portada\/mostra-de-projectes-a-infantil\/\" title=\"Read MOSTRA DE PROJECTES A INFANTIL\">Llegeix m\u00e9s\u00bb<\/a><\/p>\n","protected":false},"author":1,"featured_media":4704,"comment_status":"open","ping_status":"closed","sticky":false,"template":"","format":"standard","meta":{"_bbp_topic_count":0,"_bbp_reply_count":0,"_bbp_total_topic_count":0,"_bbp_total_reply_count":0,"_bbp_voice_count":0,"_bbp_anonymous_reply_count":0,"_bbp_topic_count_hidden":0,"_bbp_reply_count_hidden":0,"_bbp_forum_subforum_count":0,"footnotes":""},"categories":[8,4],"tags":[],"class_list":["post-4703","post","type-post","status-publish","format-standard","has-post-thumbnail","hentry","category-i4","category-portada"],"post_mailing_queue_ids":[],"_links":{"self":[{"href":"https:\/\/agora.xtec.cat\/ceiplaromanica\/wp-json\/wp\/v2\/posts\/4703","targetHints":{"allow":["GET"]}}],"collection":[{"href":"https:\/\/agora.xtec.cat\/ceiplaromanica\/wp-json\/wp\/v2\/posts"}],"about":[{"href":"https:\/\/agora.xtec.cat\/ceiplaromanica\/wp-json\/wp\/v2\/types\/post"}],"author":[{"embeddable":true,"href":"https:\/\/agora.xtec.cat\/ceiplaromanica\/wp-json\/wp\/v2\/users\/1"}],"replies":[{"embeddable":true,"href":"https:\/\/agora.xtec.cat\/ceiplaromanica\/wp-json\/wp\/v2\/comments?post=4703"}],"version-history":[{"count":2,"href":"https:\/\/agora.xtec.cat\/ceiplaromanica\/wp-json\/wp\/v2\/posts\/4703\/revisions"}],"predecessor-version":[{"id":4791,"href":"https:\/\/agora.xtec.cat\/ceiplaromanica\/wp-json\/wp\/v2\/posts\/4703\/revisions\/4791"}],"wp:featuredmedia":[{"embeddable":true,"href":"https:\/\/agora.xtec.cat\/ceiplaromanica\/wp-json\/wp\/v2\/media\/4704"}],"wp:attachment":[{"href":"https:\/\/agora.xtec.cat\/ceiplaromanica\/wp-json\/wp\/v2\/media?parent=4703"}],"wp:term":[{"taxonomy":"category","embeddable":true,"href":"https:\/\/agora.xtec.cat\/ceiplaromanica\/wp-json\/wp\/v2\/categories?post=4703"},{"taxonomy":"post_tag","embeddable":true,"href":"https:\/\/agora.xtec.cat\/ceiplaromanica\/wp-json\/wp\/v2\/tags?post=4703"}],"curies":[{"name":"wp","href":"https:\/\/api.w.org\/{rel}","templated":true}]}}