{"id":4307,"date":"2023-10-30T09:13:29","date_gmt":"2023-10-30T08:13:29","guid":{"rendered":"https:\/\/agora.xtec.cat\/ceiplaromanica\/?p=4307"},"modified":"2023-11-01T10:10:32","modified_gmt":"2023-11-01T09:10:32","slug":"octubre-mes-de-tardor","status":"publish","type":"post","link":"https:\/\/agora.xtec.cat\/ceiplaromanica\/infantil-i-primaria\/infantil\/i3\/octubre-mes-de-tardor\/","title":{"rendered":"OCTUBRE, MES DE TARDOR"},"content":{"rendered":"<p><span style=\"font-weight: 400;\">Comencem el segon mes a l\u2019Escola i ja ens trobem una mica m\u00e9s adaptats a l\u2019entorn, als nous companys i companyes, a les noves mestres i a tot en general.<\/span><\/p>\n<p><span style=\"font-weight: 400;\">Ens hem adonat que els arbres es queden sense fulles, les pinyes cauen i uns que hi ha uns fruits que es diuen castanyes. <\/span><\/p>\n<p><span style=\"font-weight: 400;\">Estem investigant tot aquest material a trav\u00e9s de les diferents propostes que ens trobem cada mat\u00ed a les aules: tenim la nostra taula de tardor amb diferents materials inespec\u00edfics que ens aporta la natura, hem pintat fent rodolar castanyes, hem pintat fulles i les hem estampat als vidres de l\u2019aula, hem descobert quins s\u00f3n els colors t\u00edpics de la tardor i hem fet servir aquests colors, en diferents formats, per a fer d\u2019altres propostes.<\/span><\/p>\n<p><span style=\"font-weight: 400;\">A m\u00e9s a m\u00e9s, tenim pendent una sortida, que ja us explicarem fam\u00edlies, al<\/span> Parc<span style=\"font-weight: 400;\"> de La Salut on podrem observar i gaudir m\u00e9s vivencialment de la tardor, els seus colors i els seus olors.<\/span><\/p>\n<p><span style=\"font-weight: 400;\">Estigueu atents i atentes, us seguirem informant des d\u2019I3.<\/span><\/p>\n<p><a href=\"https:\/\/agora.xtec.cat\/ceiplaromanica\/wp-content\/uploads\/usu1851\/2023\/10\/IMG_6120.heic\"><img loading=\"lazy\" decoding=\"async\" class=\"alignnone size-large wp-image-4308\" src=\"https:\/\/agora.xtec.cat\/ceiplaromanica\/wp-content\/uploads\/usu1851\/2023\/10\/IMG_6120.heic\" alt=\"\" width=\"1\" height=\"1\" \/><\/a> <a href=\"https:\/\/agora.xtec.cat\/ceiplaromanica\/wp-content\/uploads\/usu1851\/2023\/10\/df6eb16e-99bd-4f3b-963b-d4b9dea3e333.jpg\"><img loading=\"lazy\" decoding=\"async\" class=\"alignnone size-large wp-image-4309\" src=\"https:\/\/agora.xtec.cat\/ceiplaromanica\/wp-content\/uploads\/usu1851\/2023\/10\/df6eb16e-99bd-4f3b-963b-d4b9dea3e333-1024x742.jpg\" alt=\"\" width=\"1024\" height=\"742\" srcset=\"https:\/\/agora.xtec.cat\/ceiplaromanica\/wp-content\/uploads\/usu1851\/2023\/10\/df6eb16e-99bd-4f3b-963b-d4b9dea3e333-1024x742.jpg 1024w, https:\/\/agora.xtec.cat\/ceiplaromanica\/wp-content\/uploads\/usu1851\/2023\/10\/df6eb16e-99bd-4f3b-963b-d4b9dea3e333-300x218.jpg 300w, https:\/\/agora.xtec.cat\/ceiplaromanica\/wp-content\/uploads\/usu1851\/2023\/10\/df6eb16e-99bd-4f3b-963b-d4b9dea3e333-768x557.jpg 768w, https:\/\/agora.xtec.cat\/ceiplaromanica\/wp-content\/uploads\/usu1851\/2023\/10\/df6eb16e-99bd-4f3b-963b-d4b9dea3e333-1536x1114.jpg 1536w, https:\/\/agora.xtec.cat\/ceiplaromanica\/wp-content\/uploads\/usu1851\/2023\/10\/df6eb16e-99bd-4f3b-963b-d4b9dea3e333.jpg 1600w\" sizes=\"auto, (max-width: 1024px) 100vw, 1024px\" \/><\/a> <a href=\"https:\/\/agora.xtec.cat\/ceiplaromanica\/wp-content\/uploads\/usu1851\/2023\/10\/b2a4ca9a-ced2-4ef8-a498-8e9122627b82.jpg\"><img loading=\"lazy\" decoding=\"async\" class=\"alignnone wp-image-4310 \" src=\"https:\/\/agora.xtec.cat\/ceiplaromanica\/wp-content\/uploads\/usu1851\/2023\/10\/b2a4ca9a-ced2-4ef8-a498-8e9122627b82-169x300.jpg\" alt=\"\" width=\"310\" height=\"550\" srcset=\"https:\/\/agora.xtec.cat\/ceiplaromanica\/wp-content\/uploads\/usu1851\/2023\/10\/b2a4ca9a-ced2-4ef8-a498-8e9122627b82-169x300.jpg 169w, https:\/\/agora.xtec.cat\/ceiplaromanica\/wp-content\/uploads\/usu1851\/2023\/10\/b2a4ca9a-ced2-4ef8-a498-8e9122627b82-576x1024.jpg 576w, https:\/\/agora.xtec.cat\/ceiplaromanica\/wp-content\/uploads\/usu1851\/2023\/10\/b2a4ca9a-ced2-4ef8-a498-8e9122627b82-768x1365.jpg 768w, https:\/\/agora.xtec.cat\/ceiplaromanica\/wp-content\/uploads\/usu1851\/2023\/10\/b2a4ca9a-ced2-4ef8-a498-8e9122627b82-864x1536.jpg 864w, https:\/\/agora.xtec.cat\/ceiplaromanica\/wp-content\/uploads\/usu1851\/2023\/10\/b2a4ca9a-ced2-4ef8-a498-8e9122627b82.jpg 900w\" sizes=\"auto, (max-width: 310px) 100vw, 310px\" \/><\/a> <a href=\"https:\/\/agora.xtec.cat\/ceiplaromanica\/wp-content\/uploads\/usu1851\/2023\/10\/6fc6e0f6-a47a-4d40-9e9c-32ad73962462.jpg\"><img loading=\"lazy\" decoding=\"async\" class=\"alignnone wp-image-4311 \" src=\"https:\/\/agora.xtec.cat\/ceiplaromanica\/wp-content\/uploads\/usu1851\/2023\/10\/6fc6e0f6-a47a-4d40-9e9c-32ad73962462-225x300.jpg\" alt=\"\" width=\"410\" height=\"547\" srcset=\"https:\/\/agora.xtec.cat\/ceiplaromanica\/wp-content\/uploads\/usu1851\/2023\/10\/6fc6e0f6-a47a-4d40-9e9c-32ad73962462-225x300.jpg 225w, https:\/\/agora.xtec.cat\/ceiplaromanica\/wp-content\/uploads\/usu1851\/2023\/10\/6fc6e0f6-a47a-4d40-9e9c-32ad73962462-768x1024.jpg 768w, https:\/\/agora.xtec.cat\/ceiplaromanica\/wp-content\/uploads\/usu1851\/2023\/10\/6fc6e0f6-a47a-4d40-9e9c-32ad73962462-1152x1536.jpg 1152w, https:\/\/agora.xtec.cat\/ceiplaromanica\/wp-content\/uploads\/usu1851\/2023\/10\/6fc6e0f6-a47a-4d40-9e9c-32ad73962462.jpg 1200w\" sizes=\"auto, (max-width: 410px) 100vw, 410px\" \/><\/a> <a href=\"https:\/\/agora.xtec.cat\/ceiplaromanica\/wp-content\/uploads\/usu1851\/2023\/10\/4bbf40b1-5812-4cbb-9520-9f94d117b864.jpg\"><img loading=\"lazy\" decoding=\"async\" class=\"alignnone wp-image-4312 \" src=\"https:\/\/agora.xtec.cat\/ceiplaromanica\/wp-content\/uploads\/usu1851\/2023\/10\/4bbf40b1-5812-4cbb-9520-9f94d117b864-225x300.jpg\" alt=\"\" width=\"430\" height=\"573\" srcset=\"https:\/\/agora.xtec.cat\/ceiplaromanica\/wp-content\/uploads\/usu1851\/2023\/10\/4bbf40b1-5812-4cbb-9520-9f94d117b864-225x300.jpg 225w, https:\/\/agora.xtec.cat\/ceiplaromanica\/wp-content\/uploads\/usu1851\/2023\/10\/4bbf40b1-5812-4cbb-9520-9f94d117b864-768x1024.jpg 768w, https:\/\/agora.xtec.cat\/ceiplaromanica\/wp-content\/uploads\/usu1851\/2023\/10\/4bbf40b1-5812-4cbb-9520-9f94d117b864-1152x1536.jpg 1152w, https:\/\/agora.xtec.cat\/ceiplaromanica\/wp-content\/uploads\/usu1851\/2023\/10\/4bbf40b1-5812-4cbb-9520-9f94d117b864.jpg 1200w\" sizes=\"auto, (max-width: 430px) 100vw, 430px\" \/><\/a><\/p>\n<p><span style=\"font-weight: 400;\">diferents propostes amb les que treballem la tardor i tot el que l\u2019envolta.<\/span><\/p>\n","protected":false},"excerpt":{"rendered":"<p>Comencem el segon mes a l\u2019Escola i ja ens trobem una mica m\u00e9s adaptats a l\u2019entorn, als nous companys i companyes, a les noves mestres i a tot en general.<br \/>\nEns hem adonat que els arbres es queden sense fulles, les pinyes cauen i uns que&hellip;  <a href=\"https:\/\/agora.xtec.cat\/ceiplaromanica\/infantil-i-primaria\/infantil\/i3\/octubre-mes-de-tardor\/\" title=\"Read OCTUBRE, MES DE TARDOR\">Llegeix m\u00e9s\u00bb<\/a><\/p>\n","protected":false},"author":1,"featured_media":4312,"comment_status":"open","ping_status":"closed","sticky":false,"template":"","format":"standard","meta":{"_bbp_topic_count":0,"_bbp_reply_count":0,"_bbp_total_topic_count":0,"_bbp_total_reply_count":0,"_bbp_voice_count":0,"_bbp_anonymous_reply_count":0,"_bbp_topic_count_hidden":0,"_bbp_reply_count_hidden":0,"_bbp_forum_subforum_count":0,"footnotes":""},"categories":[3,4],"tags":[],"class_list":["post-4307","post","type-post","status-publish","format-standard","has-post-thumbnail","hentry","category-i3","category-portada"],"post_mailing_queue_ids":[],"_links":{"self":[{"href":"https:\/\/agora.xtec.cat\/ceiplaromanica\/wp-json\/wp\/v2\/posts\/4307","targetHints":{"allow":["GET"]}}],"collection":[{"href":"https:\/\/agora.xtec.cat\/ceiplaromanica\/wp-json\/wp\/v2\/posts"}],"about":[{"href":"https:\/\/agora.xtec.cat\/ceiplaromanica\/wp-json\/wp\/v2\/types\/post"}],"author":[{"embeddable":true,"href":"https:\/\/agora.xtec.cat\/ceiplaromanica\/wp-json\/wp\/v2\/users\/1"}],"replies":[{"embeddable":true,"href":"https:\/\/agora.xtec.cat\/ceiplaromanica\/wp-json\/wp\/v2\/comments?post=4307"}],"version-history":[{"count":4,"href":"https:\/\/agora.xtec.cat\/ceiplaromanica\/wp-json\/wp\/v2\/posts\/4307\/revisions"}],"predecessor-version":[{"id":4334,"href":"https:\/\/agora.xtec.cat\/ceiplaromanica\/wp-json\/wp\/v2\/posts\/4307\/revisions\/4334"}],"wp:featuredmedia":[{"embeddable":true,"href":"https:\/\/agora.xtec.cat\/ceiplaromanica\/wp-json\/wp\/v2\/media\/4312"}],"wp:attachment":[{"href":"https:\/\/agora.xtec.cat\/ceiplaromanica\/wp-json\/wp\/v2\/media?parent=4307"}],"wp:term":[{"taxonomy":"category","embeddable":true,"href":"https:\/\/agora.xtec.cat\/ceiplaromanica\/wp-json\/wp\/v2\/categories?post=4307"},{"taxonomy":"post_tag","embeddable":true,"href":"https:\/\/agora.xtec.cat\/ceiplaromanica\/wp-json\/wp\/v2\/tags?post=4307"}],"curies":[{"name":"wp","href":"https:\/\/api.w.org\/{rel}","templated":true}]}}