{"id":4275,"date":"2023-10-16T10:18:26","date_gmt":"2023-10-16T08:18:26","guid":{"rendered":"https:\/\/agora.xtec.cat\/ceiplaromanica\/?p=4275"},"modified":"2023-10-16T22:34:38","modified_gmt":"2023-10-16T20:34:38","slug":"dinamiques-de-cohesio-a-4rt","status":"publish","type":"post","link":"https:\/\/agora.xtec.cat\/ceiplaromanica\/portada\/dinamiques-de-cohesio-a-4rt\/","title":{"rendered":"DIN\u00c0MIQUES DE COHESI\u00d3 A 4t"},"content":{"rendered":"<p><span style=\"font-weight: 400;\">Aquest curs 2023-24, els dos quarts hem comen\u00e7at el curs fent din\u00e0miques de cohesi\u00f3. Com es mostren a les fotos es tracta de fer un equip movent tot el mobiliari de la classe. Per fer aix\u00f2 ha calgut parlar amb els companys i fer una pinya per posar-ho tot al seu lloc. Ens hem divertit molt!<\/span><a href=\"https:\/\/agora.xtec.cat\/ceiplaromanica\/wp-content\/uploads\/usu1851\/2023\/10\/WhatsApp-Image-2023-10-08-at-11.54.22.jpeg\"><img loading=\"lazy\" decoding=\"async\" class=\"alignnone size-large wp-image-4276\" src=\"https:\/\/agora.xtec.cat\/ceiplaromanica\/wp-content\/uploads\/usu1851\/2023\/10\/WhatsApp-Image-2023-10-08-at-11.54.22-1024x771.jpeg\" alt=\"\" width=\"1024\" height=\"771\" srcset=\"https:\/\/agora.xtec.cat\/ceiplaromanica\/wp-content\/uploads\/usu1851\/2023\/10\/WhatsApp-Image-2023-10-08-at-11.54.22-1024x771.jpeg 1024w, https:\/\/agora.xtec.cat\/ceiplaromanica\/wp-content\/uploads\/usu1851\/2023\/10\/WhatsApp-Image-2023-10-08-at-11.54.22-300x226.jpeg 300w, https:\/\/agora.xtec.cat\/ceiplaromanica\/wp-content\/uploads\/usu1851\/2023\/10\/WhatsApp-Image-2023-10-08-at-11.54.22-768x578.jpeg 768w, https:\/\/agora.xtec.cat\/ceiplaromanica\/wp-content\/uploads\/usu1851\/2023\/10\/WhatsApp-Image-2023-10-08-at-11.54.22-1536x1157.jpeg 1536w, https:\/\/agora.xtec.cat\/ceiplaromanica\/wp-content\/uploads\/usu1851\/2023\/10\/WhatsApp-Image-2023-10-08-at-11.54.22-200x150.jpeg 200w, https:\/\/agora.xtec.cat\/ceiplaromanica\/wp-content\/uploads\/usu1851\/2023\/10\/WhatsApp-Image-2023-10-08-at-11.54.22.jpeg 2040w\" sizes=\"auto, (max-width: 1024px) 100vw, 1024px\" \/><\/a> <a href=\"https:\/\/agora.xtec.cat\/ceiplaromanica\/wp-content\/uploads\/usu1851\/2023\/10\/WhatsApp-Image-2023-10-08-at-20.47.26.jpeg\"><img loading=\"lazy\" decoding=\"async\" class=\"alignnone size-large wp-image-4277\" src=\"https:\/\/agora.xtec.cat\/ceiplaromanica\/wp-content\/uploads\/usu1851\/2023\/10\/WhatsApp-Image-2023-10-08-at-20.47.26.jpeg\" alt=\"\" width=\"720\" height=\"416\" srcset=\"https:\/\/agora.xtec.cat\/ceiplaromanica\/wp-content\/uploads\/usu1851\/2023\/10\/WhatsApp-Image-2023-10-08-at-20.47.26.jpeg 720w, https:\/\/agora.xtec.cat\/ceiplaromanica\/wp-content\/uploads\/usu1851\/2023\/10\/WhatsApp-Image-2023-10-08-at-20.47.26-300x173.jpeg 300w\" sizes=\"auto, (max-width: 720px) 100vw, 720px\" \/><\/a><\/p>\n","protected":false},"excerpt":{"rendered":"<p>Aquest curs 2023-24, els dos quarts hem comen\u00e7at el curs fent din\u00e0miques de cohesi\u00f3. Com es mostren a les fotos es tracta de fer un equip movent tot el mobiliari de la classe. Per fer aix\u00f2 ha calgut parlar amb els companys i fer una&hellip;  <a href=\"https:\/\/agora.xtec.cat\/ceiplaromanica\/portada\/dinamiques-de-cohesio-a-4rt\/\" title=\"Read DIN\u00c0MIQUES DE COHESI\u00d3 A 4t\">Llegeix m\u00e9s\u00bb<\/a><\/p>\n","protected":false},"author":1,"featured_media":4276,"comment_status":"open","ping_status":"closed","sticky":false,"template":"","format":"standard","meta":{"_bbp_topic_count":0,"_bbp_reply_count":0,"_bbp_total_topic_count":0,"_bbp_total_reply_count":0,"_bbp_voice_count":0,"_bbp_anonymous_reply_count":0,"_bbp_topic_count_hidden":0,"_bbp_reply_count_hidden":0,"_bbp_forum_subforum_count":0,"footnotes":""},"categories":[13,4],"tags":[],"class_list":["post-4275","post","type-post","status-publish","format-standard","has-post-thumbnail","hentry","category-4t","category-portada"],"post_mailing_queue_ids":[],"_links":{"self":[{"href":"https:\/\/agora.xtec.cat\/ceiplaromanica\/wp-json\/wp\/v2\/posts\/4275","targetHints":{"allow":["GET"]}}],"collection":[{"href":"https:\/\/agora.xtec.cat\/ceiplaromanica\/wp-json\/wp\/v2\/posts"}],"about":[{"href":"https:\/\/agora.xtec.cat\/ceiplaromanica\/wp-json\/wp\/v2\/types\/post"}],"author":[{"embeddable":true,"href":"https:\/\/agora.xtec.cat\/ceiplaromanica\/wp-json\/wp\/v2\/users\/1"}],"replies":[{"embeddable":true,"href":"https:\/\/agora.xtec.cat\/ceiplaromanica\/wp-json\/wp\/v2\/comments?post=4275"}],"version-history":[{"count":2,"href":"https:\/\/agora.xtec.cat\/ceiplaromanica\/wp-json\/wp\/v2\/posts\/4275\/revisions"}],"predecessor-version":[{"id":4279,"href":"https:\/\/agora.xtec.cat\/ceiplaromanica\/wp-json\/wp\/v2\/posts\/4275\/revisions\/4279"}],"wp:featuredmedia":[{"embeddable":true,"href":"https:\/\/agora.xtec.cat\/ceiplaromanica\/wp-json\/wp\/v2\/media\/4276"}],"wp:attachment":[{"href":"https:\/\/agora.xtec.cat\/ceiplaromanica\/wp-json\/wp\/v2\/media?parent=4275"}],"wp:term":[{"taxonomy":"category","embeddable":true,"href":"https:\/\/agora.xtec.cat\/ceiplaromanica\/wp-json\/wp\/v2\/categories?post=4275"},{"taxonomy":"post_tag","embeddable":true,"href":"https:\/\/agora.xtec.cat\/ceiplaromanica\/wp-json\/wp\/v2\/tags?post=4275"}],"curies":[{"name":"wp","href":"https:\/\/api.w.org\/{rel}","templated":true}]}}