{"id":4137,"date":"2023-09-03T08:30:50","date_gmt":"2023-09-03T06:30:50","guid":{"rendered":"https:\/\/agora.xtec.cat\/ceiplaromanica\/?p=4137"},"modified":"2023-09-03T08:31:57","modified_gmt":"2023-09-03T06:31:57","slug":"bon-inici-de-curs-23-24","status":"publish","type":"post","link":"https:\/\/agora.xtec.cat\/ceiplaromanica\/general\/bon-inici-de-curs-23-24\/","title":{"rendered":"BON INICI DE CURS 23-24"},"content":{"rendered":"<p>L&#8217;equip docent i tota la comunitat educativa us esperem amb molta il\u00b7lusi\u00f3 per iniciar plegats el curs 23-24. <span style=\"font-family: inherit; font-size: 1em;\">Un curs que desitgem que ens aporti nous aprenentatges, viv\u00e8ncies i experi\u00e8ncies, emocions, rialles&#8230; <\/span><\/p>\n<p><span style=\"font-family: inherit; font-size: 1em;\">U<\/span><span style=\"font-family: inherit; font-size: 1em;\">s esperem a l&#8217;Escola el dijous dia 7!<\/span><\/p>\n<p><span style=\"font-family: inherit; font-size: 1em;\">\u00a0<\/span><\/p>\n","protected":false},"excerpt":{"rendered":"<p>L&#8217;equip docent i tota la comunitat educativa us esperem amb molta il\u00b7lusi\u00f3 per iniciar plegats el curs 23-24. Un curs que desitgem que ens aporti nous aprenentatges, viv\u00e8ncies i experi\u00e8ncies, emocions, rialles&#8230;<br \/>\nUs esperem a l&#8217;Escola el dijous dia 7!<br \/>\n\u00a0<\/p>\n","protected":false},"author":1,"featured_media":4138,"comment_status":"open","ping_status":"closed","sticky":false,"template":"","format":"standard","meta":{"_bbp_topic_count":0,"_bbp_reply_count":0,"_bbp_total_topic_count":0,"_bbp_total_reply_count":0,"_bbp_voice_count":0,"_bbp_anonymous_reply_count":0,"_bbp_topic_count_hidden":0,"_bbp_reply_count_hidden":0,"_bbp_forum_subforum_count":0,"footnotes":""},"categories":[90,1,96,4],"tags":[],"class_list":["post-4137","post","type-post","status-publish","format-standard","has-post-thumbnail","hentry","category-escola","category-general","category-infantil-i-primaria","category-portada"],"post_mailing_queue_ids":[],"_links":{"self":[{"href":"https:\/\/agora.xtec.cat\/ceiplaromanica\/wp-json\/wp\/v2\/posts\/4137","targetHints":{"allow":["GET"]}}],"collection":[{"href":"https:\/\/agora.xtec.cat\/ceiplaromanica\/wp-json\/wp\/v2\/posts"}],"about":[{"href":"https:\/\/agora.xtec.cat\/ceiplaromanica\/wp-json\/wp\/v2\/types\/post"}],"author":[{"embeddable":true,"href":"https:\/\/agora.xtec.cat\/ceiplaromanica\/wp-json\/wp\/v2\/users\/1"}],"replies":[{"embeddable":true,"href":"https:\/\/agora.xtec.cat\/ceiplaromanica\/wp-json\/wp\/v2\/comments?post=4137"}],"version-history":[{"count":3,"href":"https:\/\/agora.xtec.cat\/ceiplaromanica\/wp-json\/wp\/v2\/posts\/4137\/revisions"}],"predecessor-version":[{"id":4175,"href":"https:\/\/agora.xtec.cat\/ceiplaromanica\/wp-json\/wp\/v2\/posts\/4137\/revisions\/4175"}],"wp:featuredmedia":[{"embeddable":true,"href":"https:\/\/agora.xtec.cat\/ceiplaromanica\/wp-json\/wp\/v2\/media\/4138"}],"wp:attachment":[{"href":"https:\/\/agora.xtec.cat\/ceiplaromanica\/wp-json\/wp\/v2\/media?parent=4137"}],"wp:term":[{"taxonomy":"category","embeddable":true,"href":"https:\/\/agora.xtec.cat\/ceiplaromanica\/wp-json\/wp\/v2\/categories?post=4137"},{"taxonomy":"post_tag","embeddable":true,"href":"https:\/\/agora.xtec.cat\/ceiplaromanica\/wp-json\/wp\/v2\/tags?post=4137"}],"curies":[{"name":"wp","href":"https:\/\/api.w.org\/{rel}","templated":true}]}}