{"id":4033,"date":"2023-06-09T13:55:37","date_gmt":"2023-06-09T11:55:37","guid":{"rendered":"https:\/\/agora.xtec.cat\/ceiplaromanica\/?p=4033"},"modified":"2023-06-10T10:20:48","modified_gmt":"2023-06-10T08:20:48","slug":"el-raco-de-les-construccions","status":"publish","type":"post","link":"https:\/\/agora.xtec.cat\/ceiplaromanica\/portada\/el-raco-de-les-construccions\/","title":{"rendered":"EL RAC\u00d3 DE LES CONSTRUCCIONS"},"content":{"rendered":"<p><span style=\"font-weight: 400;\">A cicle inicial, durant aquest curs 2022-2023, hem dissenyat un espai on gaudir i posar en marxa la nostra creativitat i imaginaci\u00f3: \u201cEl rac\u00f3 de les construccions\u201d.<\/span><\/p>\n<p><span style=\"font-weight: 400;\">All\u00e0, pensem qu\u00e8 volem construir de forma individual, en grup o per parelles,\u00a0 i ens posem a treballar-hi. Ens posem d&#8217;acord i gaudim fent castells, naus, cases i mil idees que ens v\u00e9nen al cap. <\/span><\/p>\n<p><span style=\"font-weight: 400;\">Tenim diversos materials fets amb fusta, amb cartr\u00f3, pl\u00e0stic, incl\u00fas amb materials reciclats. Amb ells, podem construir i compartir estones amb els nostres companys aprenent alhora que juguem.<\/span><\/p>\n<p><a href=\"https:\/\/agora.xtec.cat\/ceiplaromanica\/wp-content\/uploads\/usu1851\/2023\/06\/IMG-3297-scaled.jpg\"><img loading=\"lazy\" decoding=\"async\" class=\"alignnone wp-image-4037 \" src=\"https:\/\/agora.xtec.cat\/ceiplaromanica\/wp-content\/uploads\/usu1851\/2023\/06\/IMG-3297-225x300.jpg\" alt=\"\" width=\"327\" height=\"436\" srcset=\"https:\/\/agora.xtec.cat\/ceiplaromanica\/wp-content\/uploads\/usu1851\/2023\/06\/IMG-3297-225x300.jpg 225w, https:\/\/agora.xtec.cat\/ceiplaromanica\/wp-content\/uploads\/usu1851\/2023\/06\/IMG-3297-768x1024.jpg 768w, https:\/\/agora.xtec.cat\/ceiplaromanica\/wp-content\/uploads\/usu1851\/2023\/06\/IMG-3297-1152x1536.jpg 1152w, https:\/\/agora.xtec.cat\/ceiplaromanica\/wp-content\/uploads\/usu1851\/2023\/06\/IMG-3297-1536x2048.jpg 1536w, https:\/\/agora.xtec.cat\/ceiplaromanica\/wp-content\/uploads\/usu1851\/2023\/06\/IMG-3297-scaled.jpg 1920w\" sizes=\"auto, (max-width: 327px) 100vw, 327px\" \/><\/a><\/p>\n<p><a href=\"https:\/\/agora.xtec.cat\/ceiplaromanica\/wp-content\/uploads\/usu1851\/2023\/06\/fec7631b-a336-4e30-89aa-573a940e37d9.jpg\"><img loading=\"lazy\" decoding=\"async\" class=\"alignnone wp-image-4034 \" src=\"https:\/\/agora.xtec.cat\/ceiplaromanica\/wp-content\/uploads\/usu1851\/2023\/06\/fec7631b-a336-4e30-89aa-573a940e37d9-300x225.jpg\" alt=\"\" width=\"483\" height=\"362\" srcset=\"https:\/\/agora.xtec.cat\/ceiplaromanica\/wp-content\/uploads\/usu1851\/2023\/06\/fec7631b-a336-4e30-89aa-573a940e37d9-300x225.jpg 300w, https:\/\/agora.xtec.cat\/ceiplaromanica\/wp-content\/uploads\/usu1851\/2023\/06\/fec7631b-a336-4e30-89aa-573a940e37d9-1024x768.jpg 1024w, https:\/\/agora.xtec.cat\/ceiplaromanica\/wp-content\/uploads\/usu1851\/2023\/06\/fec7631b-a336-4e30-89aa-573a940e37d9-768x576.jpg 768w, https:\/\/agora.xtec.cat\/ceiplaromanica\/wp-content\/uploads\/usu1851\/2023\/06\/fec7631b-a336-4e30-89aa-573a940e37d9-1536x1152.jpg 1536w, https:\/\/agora.xtec.cat\/ceiplaromanica\/wp-content\/uploads\/usu1851\/2023\/06\/fec7631b-a336-4e30-89aa-573a940e37d9-200x150.jpg 200w, https:\/\/agora.xtec.cat\/ceiplaromanica\/wp-content\/uploads\/usu1851\/2023\/06\/fec7631b-a336-4e30-89aa-573a940e37d9.jpg 2000w\" sizes=\"auto, (max-width: 483px) 100vw, 483px\" \/><\/a><\/p>\n<p><a href=\"https:\/\/agora.xtec.cat\/ceiplaromanica\/wp-content\/uploads\/usu1851\/2023\/06\/89f2ac06-860c-431a-8d55-c53ca14a9456.jpg\"><img loading=\"lazy\" decoding=\"async\" class=\"alignnone wp-image-4036\" src=\"https:\/\/agora.xtec.cat\/ceiplaromanica\/wp-content\/uploads\/usu1851\/2023\/06\/89f2ac06-860c-431a-8d55-c53ca14a9456-1024x768.jpg\" alt=\"\" width=\"480\" height=\"360\" srcset=\"https:\/\/agora.xtec.cat\/ceiplaromanica\/wp-content\/uploads\/usu1851\/2023\/06\/89f2ac06-860c-431a-8d55-c53ca14a9456-1024x768.jpg 1024w, https:\/\/agora.xtec.cat\/ceiplaromanica\/wp-content\/uploads\/usu1851\/2023\/06\/89f2ac06-860c-431a-8d55-c53ca14a9456-300x225.jpg 300w, https:\/\/agora.xtec.cat\/ceiplaromanica\/wp-content\/uploads\/usu1851\/2023\/06\/89f2ac06-860c-431a-8d55-c53ca14a9456-768x576.jpg 768w, https:\/\/agora.xtec.cat\/ceiplaromanica\/wp-content\/uploads\/usu1851\/2023\/06\/89f2ac06-860c-431a-8d55-c53ca14a9456-1536x1152.jpg 1536w, https:\/\/agora.xtec.cat\/ceiplaromanica\/wp-content\/uploads\/usu1851\/2023\/06\/89f2ac06-860c-431a-8d55-c53ca14a9456-200x150.jpg 200w, https:\/\/agora.xtec.cat\/ceiplaromanica\/wp-content\/uploads\/usu1851\/2023\/06\/89f2ac06-860c-431a-8d55-c53ca14a9456.jpg 2000w\" sizes=\"auto, (max-width: 480px) 100vw, 480px\" \/><\/a><\/p>\n<p><a href=\"https:\/\/agora.xtec.cat\/ceiplaromanica\/wp-content\/uploads\/usu1851\/2023\/06\/410d2e7c-6bbb-4534-bb2d-8f850b076860.jpg\"><img loading=\"lazy\" decoding=\"async\" class=\"alignnone wp-image-4035 \" src=\"https:\/\/agora.xtec.cat\/ceiplaromanica\/wp-content\/uploads\/usu1851\/2023\/06\/410d2e7c-6bbb-4534-bb2d-8f850b076860-300x225.jpg\" alt=\"\" width=\"476\" height=\"357\" srcset=\"https:\/\/agora.xtec.cat\/ceiplaromanica\/wp-content\/uploads\/usu1851\/2023\/06\/410d2e7c-6bbb-4534-bb2d-8f850b076860-300x225.jpg 300w, https:\/\/agora.xtec.cat\/ceiplaromanica\/wp-content\/uploads\/usu1851\/2023\/06\/410d2e7c-6bbb-4534-bb2d-8f850b076860-1024x768.jpg 1024w, https:\/\/agora.xtec.cat\/ceiplaromanica\/wp-content\/uploads\/usu1851\/2023\/06\/410d2e7c-6bbb-4534-bb2d-8f850b076860-768x576.jpg 768w, https:\/\/agora.xtec.cat\/ceiplaromanica\/wp-content\/uploads\/usu1851\/2023\/06\/410d2e7c-6bbb-4534-bb2d-8f850b076860-1536x1152.jpg 1536w, https:\/\/agora.xtec.cat\/ceiplaromanica\/wp-content\/uploads\/usu1851\/2023\/06\/410d2e7c-6bbb-4534-bb2d-8f850b076860-200x150.jpg 200w, https:\/\/agora.xtec.cat\/ceiplaromanica\/wp-content\/uploads\/usu1851\/2023\/06\/410d2e7c-6bbb-4534-bb2d-8f850b076860.jpg 2000w\" sizes=\"auto, (max-width: 476px) 100vw, 476px\" \/><\/a><\/p>\n","protected":false},"excerpt":{"rendered":"<p>A cicle inicial, durant aquest curs 2022-2023, hem dissenyat un espai on gaudir i posar en marxa la nostra creativitat i imaginaci\u00f3: \u201cel rac\u00f3 de les construccions\u201d.&hellip;  <a href=\"https:\/\/agora.xtec.cat\/ceiplaromanica\/portada\/el-raco-de-les-construccions\/\" title=\"Read EL RAC\u00d3 DE LES CONSTRUCCIONS\">Llegeix m\u00e9s\u00bb<\/a><\/p>\n","protected":false},"author":1,"featured_media":4037,"comment_status":"open","ping_status":"closed","sticky":false,"template":"","format":"standard","meta":{"_bbp_topic_count":0,"_bbp_reply_count":0,"_bbp_total_topic_count":0,"_bbp_total_reply_count":0,"_bbp_voice_count":0,"_bbp_anonymous_reply_count":0,"_bbp_topic_count_hidden":0,"_bbp_reply_count_hidden":0,"_bbp_forum_subforum_count":0,"footnotes":""},"categories":[10,11,4],"tags":[],"class_list":["post-4033","post","type-post","status-publish","format-standard","has-post-thumbnail","hentry","category-1r","category-2n","category-portada"],"post_mailing_queue_ids":[],"_links":{"self":[{"href":"https:\/\/agora.xtec.cat\/ceiplaromanica\/wp-json\/wp\/v2\/posts\/4033","targetHints":{"allow":["GET"]}}],"collection":[{"href":"https:\/\/agora.xtec.cat\/ceiplaromanica\/wp-json\/wp\/v2\/posts"}],"about":[{"href":"https:\/\/agora.xtec.cat\/ceiplaromanica\/wp-json\/wp\/v2\/types\/post"}],"author":[{"embeddable":true,"href":"https:\/\/agora.xtec.cat\/ceiplaromanica\/wp-json\/wp\/v2\/users\/1"}],"replies":[{"embeddable":true,"href":"https:\/\/agora.xtec.cat\/ceiplaromanica\/wp-json\/wp\/v2\/comments?post=4033"}],"version-history":[{"count":3,"href":"https:\/\/agora.xtec.cat\/ceiplaromanica\/wp-json\/wp\/v2\/posts\/4033\/revisions"}],"predecessor-version":[{"id":4051,"href":"https:\/\/agora.xtec.cat\/ceiplaromanica\/wp-json\/wp\/v2\/posts\/4033\/revisions\/4051"}],"wp:featuredmedia":[{"embeddable":true,"href":"https:\/\/agora.xtec.cat\/ceiplaromanica\/wp-json\/wp\/v2\/media\/4037"}],"wp:attachment":[{"href":"https:\/\/agora.xtec.cat\/ceiplaromanica\/wp-json\/wp\/v2\/media?parent=4033"}],"wp:term":[{"taxonomy":"category","embeddable":true,"href":"https:\/\/agora.xtec.cat\/ceiplaromanica\/wp-json\/wp\/v2\/categories?post=4033"},{"taxonomy":"post_tag","embeddable":true,"href":"https:\/\/agora.xtec.cat\/ceiplaromanica\/wp-json\/wp\/v2\/tags?post=4033"}],"curies":[{"name":"wp","href":"https:\/\/api.w.org\/{rel}","templated":true}]}}