{"id":3969,"date":"2023-06-02T08:30:32","date_gmt":"2023-06-02T06:30:32","guid":{"rendered":"https:\/\/agora.xtec.cat\/ceiplaromanica\/?p=3969"},"modified":"2023-06-02T09:30:55","modified_gmt":"2023-06-02T07:30:55","slug":"sacosta-un-nou-curs","status":"publish","type":"post","link":"https:\/\/agora.xtec.cat\/ceiplaromanica\/general\/sacosta-un-nou-curs\/","title":{"rendered":"S\u2019ACOSTA UN NOU CURS"},"content":{"rendered":"<p style=\"text-align: justify;\">Aquest ha estat el nostre primer any a l&#8217;Escola i ho hem gaudit molt\u00edssim, per\u00f2 ja estem preparats per afrontar nous reptes i el passat divendres dia 26 vam anar a con\u00e8ixer la que ser\u00e0 la nostra classe el curs vinent. Ens vam adonar que era un espai ple de colors on hi havia moltes propostes variades i coses relacionades amb els seus projectes com un esquelet!<br \/>\nVam aprofitar la visita per compartir estones de joc amb els nens i nenes d\u2019I4, tots plegats vam jugar a ser cavallers en un castell, a fer pastissos, a inventar hist\u00f2ries, a construir cases o recintes d&#8217;animals&#8230; Quines ganes de gaudir del nostre nou espai!<\/p>\n<table style=\"border-collapse: collapse; background-color: #ffffff; border-style: none; width: 100%;\">\n<tbody>\n<tr>\n<td style=\"width: 50%; background-color: #ffffff; border-collapse: collapse; border-style: none;\" rowspan=\"3\"><a href=\"https:\/\/agora.xtec.cat\/ceiplaromanica\/wp-content\/uploads\/usu1851\/2023\/06\/1685130121773-scaled.jpg\"><img loading=\"lazy\" decoding=\"async\" class=\"alignnone size-large wp-image-3973\" src=\"https:\/\/agora.xtec.cat\/ceiplaromanica\/wp-content\/uploads\/usu1851\/2023\/06\/1685130121773-576x1024.jpg\" alt=\"\" width=\"576\" height=\"1024\" srcset=\"https:\/\/agora.xtec.cat\/ceiplaromanica\/wp-content\/uploads\/usu1851\/2023\/06\/1685130121773-576x1024.jpg 576w, https:\/\/agora.xtec.cat\/ceiplaromanica\/wp-content\/uploads\/usu1851\/2023\/06\/1685130121773-169x300.jpg 169w, https:\/\/agora.xtec.cat\/ceiplaromanica\/wp-content\/uploads\/usu1851\/2023\/06\/1685130121773-768x1365.jpg 768w, https:\/\/agora.xtec.cat\/ceiplaromanica\/wp-content\/uploads\/usu1851\/2023\/06\/1685130121773-864x1536.jpg 864w, https:\/\/agora.xtec.cat\/ceiplaromanica\/wp-content\/uploads\/usu1851\/2023\/06\/1685130121773-1152x2048.jpg 1152w, https:\/\/agora.xtec.cat\/ceiplaromanica\/wp-content\/uploads\/usu1851\/2023\/06\/1685130121773-scaled.jpg 1440w\" sizes=\"auto, (max-width: 576px) 100vw, 576px\" \/><\/a><\/td>\n<td style=\"width: 50%; background-color: #ffffff; border-collapse: collapse; border-style: none;\"><a href=\"https:\/\/agora.xtec.cat\/ceiplaromanica\/wp-content\/uploads\/usu1851\/2023\/06\/1685130179786-scaled.jpg\"><img loading=\"lazy\" decoding=\"async\" class=\"alignnone size-large wp-image-3972\" src=\"https:\/\/agora.xtec.cat\/ceiplaromanica\/wp-content\/uploads\/usu1851\/2023\/06\/1685130179786-1024x576.jpg\" alt=\"\" width=\"1024\" height=\"576\" srcset=\"https:\/\/agora.xtec.cat\/ceiplaromanica\/wp-content\/uploads\/usu1851\/2023\/06\/1685130179786-1024x576.jpg 1024w, https:\/\/agora.xtec.cat\/ceiplaromanica\/wp-content\/uploads\/usu1851\/2023\/06\/1685130179786-300x169.jpg 300w, https:\/\/agora.xtec.cat\/ceiplaromanica\/wp-content\/uploads\/usu1851\/2023\/06\/1685130179786-768x432.jpg 768w, https:\/\/agora.xtec.cat\/ceiplaromanica\/wp-content\/uploads\/usu1851\/2023\/06\/1685130179786-1536x864.jpg 1536w, https:\/\/agora.xtec.cat\/ceiplaromanica\/wp-content\/uploads\/usu1851\/2023\/06\/1685130179786-2048x1152.jpg 2048w\" sizes=\"auto, (max-width: 1024px) 100vw, 1024px\" \/><\/a><\/td>\n<\/tr>\n<tr>\n<td style=\"width: 50%; background-color: #ffffff; border-collapse: collapse; border-style: none;\"><a href=\"https:\/\/agora.xtec.cat\/ceiplaromanica\/wp-content\/uploads\/usu1851\/2023\/06\/1685443392334.jpg\"><img loading=\"lazy\" decoding=\"async\" class=\"alignnone size-full wp-image-3971\" src=\"https:\/\/agora.xtec.cat\/ceiplaromanica\/wp-content\/uploads\/usu1851\/2023\/06\/1685443392334.jpg\" alt=\"\" width=\"1024\" height=\"768\" srcset=\"https:\/\/agora.xtec.cat\/ceiplaromanica\/wp-content\/uploads\/usu1851\/2023\/06\/1685443392334.jpg 1024w, https:\/\/agora.xtec.cat\/ceiplaromanica\/wp-content\/uploads\/usu1851\/2023\/06\/1685443392334-300x225.jpg 300w, https:\/\/agora.xtec.cat\/ceiplaromanica\/wp-content\/uploads\/usu1851\/2023\/06\/1685443392334-768x576.jpg 768w, https:\/\/agora.xtec.cat\/ceiplaromanica\/wp-content\/uploads\/usu1851\/2023\/06\/1685443392334-200x150.jpg 200w\" sizes=\"auto, (max-width: 1024px) 100vw, 1024px\" \/><\/a><\/td>\n<\/tr>\n<tr>\n<td style=\"width: 50%; background-color: #ffffff; border-collapse: collapse; border-style: none;\"><a href=\"https:\/\/agora.xtec.cat\/ceiplaromanica\/wp-content\/uploads\/usu1851\/2023\/06\/Foto-de-Alicia-Rodes-\ud83e\udd81.jpg\"><img loading=\"lazy\" decoding=\"async\" class=\"alignnone size-large wp-image-3970\" src=\"https:\/\/agora.xtec.cat\/ceiplaromanica\/wp-content\/uploads\/usu1851\/2023\/06\/Foto-de-Alicia-Rodes-\ud83e\udd81-1024x768.jpg\" alt=\"\" width=\"1024\" height=\"768\" srcset=\"https:\/\/agora.xtec.cat\/ceiplaromanica\/wp-content\/uploads\/usu1851\/2023\/06\/Foto-de-Alicia-Rodes-\ud83e\udd81-1024x768.jpg 1024w, https:\/\/agora.xtec.cat\/ceiplaromanica\/wp-content\/uploads\/usu1851\/2023\/06\/Foto-de-Alicia-Rodes-\ud83e\udd81-300x225.jpg 300w, https:\/\/agora.xtec.cat\/ceiplaromanica\/wp-content\/uploads\/usu1851\/2023\/06\/Foto-de-Alicia-Rodes-\ud83e\udd81-768x576.jpg 768w, https:\/\/agora.xtec.cat\/ceiplaromanica\/wp-content\/uploads\/usu1851\/2023\/06\/Foto-de-Alicia-Rodes-\ud83e\udd81-1536x1153.jpg 1536w, https:\/\/agora.xtec.cat\/ceiplaromanica\/wp-content\/uploads\/usu1851\/2023\/06\/Foto-de-Alicia-Rodes-\ud83e\udd81-200x150.jpg 200w, https:\/\/agora.xtec.cat\/ceiplaromanica\/wp-content\/uploads\/usu1851\/2023\/06\/Foto-de-Alicia-Rodes-\ud83e\udd81.jpg 1599w\" sizes=\"auto, (max-width: 1024px) 100vw, 1024px\" \/><\/a><\/td>\n<\/tr>\n<\/tbody>\n<\/table>\n<p>&nbsp;<\/p>\n","protected":false},"excerpt":{"rendered":"<p>Aquest ha estat el nostre primer any a l&#8217;Escola i ho hem gaudit molt\u00edssim, per\u00f2 ja estem preparats per afrontar nous reptes i el passat divendres dia 26 vam anar a con\u00e8ixer la que ser\u00e0 la nostra classe el curs vinent. Ens vam adonar que&hellip;  <a href=\"https:\/\/agora.xtec.cat\/ceiplaromanica\/general\/sacosta-un-nou-curs\/\" title=\"Read S\u2019ACOSTA UN NOU CURS\">Llegeix m\u00e9s\u00bb<\/a><\/p>\n","protected":false},"author":1,"featured_media":3970,"comment_status":"open","ping_status":"closed","sticky":false,"template":"","format":"standard","meta":{"_bbp_topic_count":0,"_bbp_reply_count":0,"_bbp_total_topic_count":0,"_bbp_total_reply_count":0,"_bbp_voice_count":0,"_bbp_anonymous_reply_count":0,"_bbp_topic_count_hidden":0,"_bbp_reply_count_hidden":0,"_bbp_forum_subforum_count":0,"footnotes":""},"categories":[1,3,4],"tags":[],"class_list":["post-3969","post","type-post","status-publish","format-standard","has-post-thumbnail","hentry","category-general","category-i3","category-portada"],"post_mailing_queue_ids":[],"_links":{"self":[{"href":"https:\/\/agora.xtec.cat\/ceiplaromanica\/wp-json\/wp\/v2\/posts\/3969","targetHints":{"allow":["GET"]}}],"collection":[{"href":"https:\/\/agora.xtec.cat\/ceiplaromanica\/wp-json\/wp\/v2\/posts"}],"about":[{"href":"https:\/\/agora.xtec.cat\/ceiplaromanica\/wp-json\/wp\/v2\/types\/post"}],"author":[{"embeddable":true,"href":"https:\/\/agora.xtec.cat\/ceiplaromanica\/wp-json\/wp\/v2\/users\/1"}],"replies":[{"embeddable":true,"href":"https:\/\/agora.xtec.cat\/ceiplaromanica\/wp-json\/wp\/v2\/comments?post=3969"}],"version-history":[{"count":3,"href":"https:\/\/agora.xtec.cat\/ceiplaromanica\/wp-json\/wp\/v2\/posts\/3969\/revisions"}],"predecessor-version":[{"id":4005,"href":"https:\/\/agora.xtec.cat\/ceiplaromanica\/wp-json\/wp\/v2\/posts\/3969\/revisions\/4005"}],"wp:featuredmedia":[{"embeddable":true,"href":"https:\/\/agora.xtec.cat\/ceiplaromanica\/wp-json\/wp\/v2\/media\/3970"}],"wp:attachment":[{"href":"https:\/\/agora.xtec.cat\/ceiplaromanica\/wp-json\/wp\/v2\/media?parent=3969"}],"wp:term":[{"taxonomy":"category","embeddable":true,"href":"https:\/\/agora.xtec.cat\/ceiplaromanica\/wp-json\/wp\/v2\/categories?post=3969"},{"taxonomy":"post_tag","embeddable":true,"href":"https:\/\/agora.xtec.cat\/ceiplaromanica\/wp-json\/wp\/v2\/tags?post=3969"}],"curies":[{"name":"wp","href":"https:\/\/api.w.org\/{rel}","templated":true}]}}