{"id":3829,"date":"2023-05-09T14:08:43","date_gmt":"2023-05-09T12:08:43","guid":{"rendered":"https:\/\/agora.xtec.cat\/ceiplaromanica\/?p=3829"},"modified":"2023-05-11T09:42:16","modified_gmt":"2023-05-11T07:42:16","slug":"preinscripcio-23-24","status":"publish","type":"post","link":"https:\/\/agora.xtec.cat\/ceiplaromanica\/general\/preinscripcio-23-24\/","title":{"rendered":"N\u00daMERO DE DESEMPAT PREINSCRIPCI\u00d3 23-24"},"content":{"rendered":"<p>Avui s&#8217;ha fet el sorteig del n\u00famero de desempat del proc\u00e9s de preinscripci\u00f3 per al curs 23-24.<\/p>\n<p>\u00c9s el n\u00famero: 66.646.<\/p>\n<p>Podeu consultar-lo al seg\u00fcent<a href=\"https:\/\/preinscripcio.gencat.cat\/ca\/inici\"> enlla\u00e7<\/a>.<\/p>\n","protected":false},"excerpt":{"rendered":"<p>Avui s&#8217;ha fet el sorteig del n\u00famero de desempat del proc\u00e9s de preinscripci\u00f3 per al curs 23-24.<br \/>\n\u00c9s el n\u00famero: 66.646.<br \/>\nPodeu consultar-lo al seg\u00fcent<a href=\"https:\/\/preinscripcio.gencat.cat\/ca\/inici\"> enlla\u00e7<\/a>.<\/p>\n","protected":false},"author":1,"featured_media":3336,"comment_status":"open","ping_status":"closed","sticky":false,"template":"","format":"standard","meta":{"_bbp_topic_count":0,"_bbp_reply_count":0,"_bbp_total_topic_count":0,"_bbp_total_reply_count":0,"_bbp_voice_count":0,"_bbp_anonymous_reply_count":0,"_bbp_topic_count_hidden":0,"_bbp_reply_count_hidden":0,"_bbp_forum_subforum_count":0,"footnotes":""},"categories":[90,1,96,4,5],"tags":[],"class_list":["post-3829","post","type-post","status-publish","format-standard","has-post-thumbnail","hentry","category-escola","category-general","category-infantil-i-primaria","category-portada","category-primaria"],"post_mailing_queue_ids":[],"_links":{"self":[{"href":"https:\/\/agora.xtec.cat\/ceiplaromanica\/wp-json\/wp\/v2\/posts\/3829","targetHints":{"allow":["GET"]}}],"collection":[{"href":"https:\/\/agora.xtec.cat\/ceiplaromanica\/wp-json\/wp\/v2\/posts"}],"about":[{"href":"https:\/\/agora.xtec.cat\/ceiplaromanica\/wp-json\/wp\/v2\/types\/post"}],"author":[{"embeddable":true,"href":"https:\/\/agora.xtec.cat\/ceiplaromanica\/wp-json\/wp\/v2\/users\/1"}],"replies":[{"embeddable":true,"href":"https:\/\/agora.xtec.cat\/ceiplaromanica\/wp-json\/wp\/v2\/comments?post=3829"}],"version-history":[{"count":3,"href":"https:\/\/agora.xtec.cat\/ceiplaromanica\/wp-json\/wp\/v2\/posts\/3829\/revisions"}],"predecessor-version":[{"id":3853,"href":"https:\/\/agora.xtec.cat\/ceiplaromanica\/wp-json\/wp\/v2\/posts\/3829\/revisions\/3853"}],"wp:featuredmedia":[{"embeddable":true,"href":"https:\/\/agora.xtec.cat\/ceiplaromanica\/wp-json\/wp\/v2\/media\/3336"}],"wp:attachment":[{"href":"https:\/\/agora.xtec.cat\/ceiplaromanica\/wp-json\/wp\/v2\/media?parent=3829"}],"wp:term":[{"taxonomy":"category","embeddable":true,"href":"https:\/\/agora.xtec.cat\/ceiplaromanica\/wp-json\/wp\/v2\/categories?post=3829"},{"taxonomy":"post_tag","embeddable":true,"href":"https:\/\/agora.xtec.cat\/ceiplaromanica\/wp-json\/wp\/v2\/tags?post=3829"}],"curies":[{"name":"wp","href":"https:\/\/api.w.org\/{rel}","templated":true}]}}