{"id":3480,"date":"2023-03-20T10:22:15","date_gmt":"2023-03-20T09:22:15","guid":{"rendered":"https:\/\/agora.xtec.cat\/ceiplaromanica\/?p=3480"},"modified":"2023-03-20T12:26:13","modified_gmt":"2023-03-20T11:26:13","slug":"dia-de-la-dona","status":"publish","type":"post","link":"https:\/\/agora.xtec.cat\/ceiplaromanica\/portada\/dia-de-la-dona\/","title":{"rendered":"DIA DE LA DONA"},"content":{"rendered":"<p><span style=\"font-weight: 400;\">Al cicle inicial ens hem volgut afegir <\/span><span style=\"font-weight: 400;\">al missatge de l&#8217;ONU <\/span><b>Dones Igualtat de g\u00e8nere avui per a un dem\u00e0 sostenible<\/b><span style=\"font-weight: 400;\"> i hem proposat diferents activitats per sensibilitzar als nostres infants sobre els drets de les dones i la sostenibilitat de la vida.<\/span><span style=\"font-weight: 400;\">\u00a0<\/span><\/p>\n<p><span style=\"font-weight: 400;\">Han descobert com havia evolucionat al llarg del temps i el paper tan important que tenen a la societat on vivim.<\/span><\/p>\n<p><span style=\"font-weight: 400;\">Entre tot el cicle i amb molta il\u00b7lusi\u00f3 i entusiasme hem elaborat un mural amb la imatge de la Frida Kahlo, dona que va tenir i t\u00e9 molta repercussi\u00f3 a tot el m\u00f3n.<\/span><\/p>\n<p><span style=\"font-weight: 400;\">Esperem que us agradi molt el nostre mural, tant com hem gaudit nosaltres a l&#8217;hora de fer-ho.<\/span><a href=\"https:\/\/agora.xtec.cat\/ceiplaromanica\/wp-content\/uploads\/usu1851\/2023\/03\/1678904682733.jpg\"><img loading=\"lazy\" decoding=\"async\" class=\"alignnone size-large wp-image-3482\" src=\"https:\/\/agora.xtec.cat\/ceiplaromanica\/wp-content\/uploads\/usu1851\/2023\/03\/1678904682733-1024x768.jpg\" alt=\"\" width=\"1024\" height=\"768\" srcset=\"https:\/\/agora.xtec.cat\/ceiplaromanica\/wp-content\/uploads\/usu1851\/2023\/03\/1678904682733-1024x768.jpg 1024w, https:\/\/agora.xtec.cat\/ceiplaromanica\/wp-content\/uploads\/usu1851\/2023\/03\/1678904682733-300x225.jpg 300w, https:\/\/agora.xtec.cat\/ceiplaromanica\/wp-content\/uploads\/usu1851\/2023\/03\/1678904682733-768x576.jpg 768w, https:\/\/agora.xtec.cat\/ceiplaromanica\/wp-content\/uploads\/usu1851\/2023\/03\/1678904682733-1536x1152.jpg 1536w, https:\/\/agora.xtec.cat\/ceiplaromanica\/wp-content\/uploads\/usu1851\/2023\/03\/1678904682733-200x150.jpg 200w, https:\/\/agora.xtec.cat\/ceiplaromanica\/wp-content\/uploads\/usu1851\/2023\/03\/1678904682733.jpg 2048w\" sizes=\"auto, (max-width: 1024px) 100vw, 1024px\" \/><\/a><a href=\"https:\/\/agora.xtec.cat\/ceiplaromanica\/wp-content\/uploads\/usu1851\/2023\/03\/1678908664002.jpg\"><img loading=\"lazy\" decoding=\"async\" class=\"alignnone size-large wp-image-3481\" src=\"https:\/\/agora.xtec.cat\/ceiplaromanica\/wp-content\/uploads\/usu1851\/2023\/03\/1678908664002-1024x768.jpg\" alt=\"\" width=\"1024\" height=\"768\" srcset=\"https:\/\/agora.xtec.cat\/ceiplaromanica\/wp-content\/uploads\/usu1851\/2023\/03\/1678908664002-1024x768.jpg 1024w, https:\/\/agora.xtec.cat\/ceiplaromanica\/wp-content\/uploads\/usu1851\/2023\/03\/1678908664002-300x225.jpg 300w, https:\/\/agora.xtec.cat\/ceiplaromanica\/wp-content\/uploads\/usu1851\/2023\/03\/1678908664002-768x576.jpg 768w, https:\/\/agora.xtec.cat\/ceiplaromanica\/wp-content\/uploads\/usu1851\/2023\/03\/1678908664002-1536x1152.jpg 1536w, https:\/\/agora.xtec.cat\/ceiplaromanica\/wp-content\/uploads\/usu1851\/2023\/03\/1678908664002-200x150.jpg 200w, https:\/\/agora.xtec.cat\/ceiplaromanica\/wp-content\/uploads\/usu1851\/2023\/03\/1678908664002.jpg 2048w\" sizes=\"auto, (max-width: 1024px) 100vw, 1024px\" \/><\/a> <a href=\"https:\/\/agora.xtec.cat\/ceiplaromanica\/wp-content\/uploads\/usu1851\/2023\/03\/1678904682724.jpg\"><img loading=\"lazy\" decoding=\"async\" class=\"alignnone size-large wp-image-3483\" src=\"https:\/\/agora.xtec.cat\/ceiplaromanica\/wp-content\/uploads\/usu1851\/2023\/03\/1678904682724-1024x461.jpg\" alt=\"\" width=\"1024\" height=\"461\" srcset=\"https:\/\/agora.xtec.cat\/ceiplaromanica\/wp-content\/uploads\/usu1851\/2023\/03\/1678904682724-1024x461.jpg 1024w, https:\/\/agora.xtec.cat\/ceiplaromanica\/wp-content\/uploads\/usu1851\/2023\/03\/1678904682724-300x135.jpg 300w, https:\/\/agora.xtec.cat\/ceiplaromanica\/wp-content\/uploads\/usu1851\/2023\/03\/1678904682724-768x345.jpg 768w, https:\/\/agora.xtec.cat\/ceiplaromanica\/wp-content\/uploads\/usu1851\/2023\/03\/1678904682724-1536x691.jpg 1536w, https:\/\/agora.xtec.cat\/ceiplaromanica\/wp-content\/uploads\/usu1851\/2023\/03\/1678904682724.jpg 2048w\" sizes=\"auto, (max-width: 1024px) 100vw, 1024px\" \/><\/a> <a href=\"https:\/\/agora.xtec.cat\/ceiplaromanica\/wp-content\/uploads\/usu1851\/2023\/03\/1678904682714.jpg\"><img loading=\"lazy\" decoding=\"async\" class=\"alignnone size-large wp-image-3484\" src=\"https:\/\/agora.xtec.cat\/ceiplaromanica\/wp-content\/uploads\/usu1851\/2023\/03\/1678904682714-1024x461.jpg\" alt=\"\" width=\"1024\" height=\"461\" srcset=\"https:\/\/agora.xtec.cat\/ceiplaromanica\/wp-content\/uploads\/usu1851\/2023\/03\/1678904682714-1024x461.jpg 1024w, https:\/\/agora.xtec.cat\/ceiplaromanica\/wp-content\/uploads\/usu1851\/2023\/03\/1678904682714-300x135.jpg 300w, https:\/\/agora.xtec.cat\/ceiplaromanica\/wp-content\/uploads\/usu1851\/2023\/03\/1678904682714-768x345.jpg 768w, https:\/\/agora.xtec.cat\/ceiplaromanica\/wp-content\/uploads\/usu1851\/2023\/03\/1678904682714-1536x691.jpg 1536w, https:\/\/agora.xtec.cat\/ceiplaromanica\/wp-content\/uploads\/usu1851\/2023\/03\/1678904682714.jpg 2048w\" sizes=\"auto, (max-width: 1024px) 100vw, 1024px\" \/><\/a> <a href=\"https:\/\/agora.xtec.cat\/ceiplaromanica\/wp-content\/uploads\/usu1851\/2023\/03\/1678904682694.jpg\"><img loading=\"lazy\" decoding=\"async\" class=\"alignnone size-large wp-image-3485\" src=\"https:\/\/agora.xtec.cat\/ceiplaromanica\/wp-content\/uploads\/usu1851\/2023\/03\/1678904682694-1024x461.jpg\" alt=\"\" width=\"1024\" height=\"461\" srcset=\"https:\/\/agora.xtec.cat\/ceiplaromanica\/wp-content\/uploads\/usu1851\/2023\/03\/1678904682694-1024x461.jpg 1024w, https:\/\/agora.xtec.cat\/ceiplaromanica\/wp-content\/uploads\/usu1851\/2023\/03\/1678904682694-300x135.jpg 300w, https:\/\/agora.xtec.cat\/ceiplaromanica\/wp-content\/uploads\/usu1851\/2023\/03\/1678904682694-768x345.jpg 768w, https:\/\/agora.xtec.cat\/ceiplaromanica\/wp-content\/uploads\/usu1851\/2023\/03\/1678904682694-1536x691.jpg 1536w, https:\/\/agora.xtec.cat\/ceiplaromanica\/wp-content\/uploads\/usu1851\/2023\/03\/1678904682694.jpg 2048w\" sizes=\"auto, (max-width: 1024px) 100vw, 1024px\" \/><\/a><\/p>\n","protected":false},"excerpt":{"rendered":"<p>Al cicle inicial ens hem volgut afegir al missatge de l&#8217;ONU Dones Igualtat de g\u00e8nere avui per a un dem\u00e0 sostenible i hem proposat diferents activitats per sensibilitzar als nostres infants sobre els drets de les dones i la sostenibilitat de la vida.\u00a0<br \/>\nHan descobert com&hellip;  <a href=\"https:\/\/agora.xtec.cat\/ceiplaromanica\/portada\/dia-de-la-dona\/\" title=\"Read DIA DE LA DONA\">Llegeix m\u00e9s\u00bb<\/a><\/p>\n","protected":false},"author":1,"featured_media":3482,"comment_status":"open","ping_status":"closed","sticky":false,"template":"","format":"standard","meta":{"_bbp_topic_count":0,"_bbp_reply_count":0,"_bbp_total_topic_count":0,"_bbp_total_reply_count":0,"_bbp_voice_count":0,"_bbp_anonymous_reply_count":0,"_bbp_topic_count_hidden":0,"_bbp_reply_count_hidden":0,"_bbp_forum_subforum_count":0,"footnotes":""},"categories":[10,11,4],"tags":[],"class_list":["post-3480","post","type-post","status-publish","format-standard","has-post-thumbnail","hentry","category-1r","category-2n","category-portada"],"post_mailing_queue_ids":[],"_links":{"self":[{"href":"https:\/\/agora.xtec.cat\/ceiplaromanica\/wp-json\/wp\/v2\/posts\/3480","targetHints":{"allow":["GET"]}}],"collection":[{"href":"https:\/\/agora.xtec.cat\/ceiplaromanica\/wp-json\/wp\/v2\/posts"}],"about":[{"href":"https:\/\/agora.xtec.cat\/ceiplaromanica\/wp-json\/wp\/v2\/types\/post"}],"author":[{"embeddable":true,"href":"https:\/\/agora.xtec.cat\/ceiplaromanica\/wp-json\/wp\/v2\/users\/1"}],"replies":[{"embeddable":true,"href":"https:\/\/agora.xtec.cat\/ceiplaromanica\/wp-json\/wp\/v2\/comments?post=3480"}],"version-history":[{"count":2,"href":"https:\/\/agora.xtec.cat\/ceiplaromanica\/wp-json\/wp\/v2\/posts\/3480\/revisions"}],"predecessor-version":[{"id":3505,"href":"https:\/\/agora.xtec.cat\/ceiplaromanica\/wp-json\/wp\/v2\/posts\/3480\/revisions\/3505"}],"wp:featuredmedia":[{"embeddable":true,"href":"https:\/\/agora.xtec.cat\/ceiplaromanica\/wp-json\/wp\/v2\/media\/3482"}],"wp:attachment":[{"href":"https:\/\/agora.xtec.cat\/ceiplaromanica\/wp-json\/wp\/v2\/media?parent=3480"}],"wp:term":[{"taxonomy":"category","embeddable":true,"href":"https:\/\/agora.xtec.cat\/ceiplaromanica\/wp-json\/wp\/v2\/categories?post=3480"},{"taxonomy":"post_tag","embeddable":true,"href":"https:\/\/agora.xtec.cat\/ceiplaromanica\/wp-json\/wp\/v2\/tags?post=3480"}],"curies":[{"name":"wp","href":"https:\/\/api.w.org\/{rel}","templated":true}]}}