{"id":3416,"date":"2023-03-07T12:37:12","date_gmt":"2023-03-07T11:37:12","guid":{"rendered":"https:\/\/agora.xtec.cat\/ceiplaromanica\/?p=3416"},"modified":"2023-03-19T19:33:00","modified_gmt":"2023-03-19T18:33:00","slug":"enllac-preinscripcio-educacio-infantil-i-educacio-primaria-curs-23-24","status":"publish","type":"post","link":"https:\/\/agora.xtec.cat\/ceiplaromanica\/general\/enllac-preinscripcio-educacio-infantil-i-educacio-primaria-curs-23-24\/","title":{"rendered":"ENLLA\u00c7 PREINSCRIPCI\u00d3  EDUCACI\u00d3 INFANTIL I EDUCACI\u00d3 PRIM\u00c0RIA CURS 23-24"},"content":{"rendered":"<p>Us facilitem l&#8217;enlla\u00e7 per poder fer la preinscripci\u00f3 per a <a href=\"https:\/\/educacio.gencat.cat\/ca\/tramits\/tramits-temes\/20483-obligatoris?category=&amp;moda=1\">educaci\u00f3 infantil<\/a> i per a <a href=\"https:\/\/educacio.gencat.cat\/ca\/tramits\/tramits-temes\/20483-obligatoris?moda=2\">educaci\u00f3 prim\u00e0ria<\/a> des del dia 6 fins al dia 20 de mar\u00e7.<\/p>\n<p>Podeu consultar l&#8217;oferta de places des del dia 3 de mar\u00e7 a la cartellera de l&#8217;Escola.<\/p>\n<p><a href=\"https:\/\/agora.xtec.cat\/ceiplaromanica\/wp-content\/uploads\/usu1851\/2023\/03\/INFORME_OFERTA_OME_INFORME_OFERTA-1.pdf\">INFORME_OFERTA_OME_INFORME_OFERTA (1)<\/a><\/p>\n<p>&nbsp;<\/p>\n","protected":false},"excerpt":{"rendered":"<p>Us facilitem l&#8217;enlla\u00e7 per poder fer la preinscripci\u00f3 per a <a href=\"https:\/\/educacio.gencat.cat\/ca\/tramits\/tramits-temes\/20483-obligatoris?category=&amp;moda=1\">educaci\u00f3 infantil<\/a> i per a <a href=\"https:\/\/educacio.gencat.cat\/ca\/tramits\/tramits-temes\/20483-obligatoris?moda=2\">educaci\u00f3 prim\u00e0ria<\/a> des del dia 6 fins al dia 20 de mar\u00e7.<br \/>\nPodeu consultar l&#8217;oferta de places des del dia 3 de mar\u00e7 a la cartellera de l&#8217;Escola.<br \/>\n<a href=\"https:\/\/agora.xtec.cat\/ceiplaromanica\/wp-content\/uploads\/usu1851\/2023\/03\/INFORME_OFERTA_OME_INFORME_OFERTA-1.pdf\">INFORME_OFERTA_OME_INFORME_OFERTA&hellip;  <a href=\"https:\/\/agora.xtec.cat\/ceiplaromanica\/general\/enllac-preinscripcio-educacio-infantil-i-educacio-primaria-curs-23-24\/\" title=\"Read ENLLA\u00c7 PREINSCRIPCI\u00d3  EDUCACI\u00d3 INFANTIL I EDUCACI\u00d3 PRIM\u00c0RIA CURS 23-24\">Llegeix m\u00e9s\u00bb<\/a><\/p>\n","protected":false},"author":1,"featured_media":3336,"comment_status":"open","ping_status":"closed","sticky":false,"template":"","format":"standard","meta":{"_bbp_topic_count":0,"_bbp_reply_count":0,"_bbp_total_topic_count":0,"_bbp_total_reply_count":0,"_bbp_voice_count":0,"_bbp_anonymous_reply_count":0,"_bbp_topic_count_hidden":0,"_bbp_reply_count_hidden":0,"_bbp_forum_subforum_count":0,"footnotes":""},"categories":[90,1,96,4],"tags":[],"class_list":["post-3416","post","type-post","status-publish","format-standard","has-post-thumbnail","hentry","category-escola","category-general","category-infantil-i-primaria","category-portada"],"post_mailing_queue_ids":[],"_links":{"self":[{"href":"https:\/\/agora.xtec.cat\/ceiplaromanica\/wp-json\/wp\/v2\/posts\/3416","targetHints":{"allow":["GET"]}}],"collection":[{"href":"https:\/\/agora.xtec.cat\/ceiplaromanica\/wp-json\/wp\/v2\/posts"}],"about":[{"href":"https:\/\/agora.xtec.cat\/ceiplaromanica\/wp-json\/wp\/v2\/types\/post"}],"author":[{"embeddable":true,"href":"https:\/\/agora.xtec.cat\/ceiplaromanica\/wp-json\/wp\/v2\/users\/1"}],"replies":[{"embeddable":true,"href":"https:\/\/agora.xtec.cat\/ceiplaromanica\/wp-json\/wp\/v2\/comments?post=3416"}],"version-history":[{"count":3,"href":"https:\/\/agora.xtec.cat\/ceiplaromanica\/wp-json\/wp\/v2\/posts\/3416\/revisions"}],"predecessor-version":[{"id":3479,"href":"https:\/\/agora.xtec.cat\/ceiplaromanica\/wp-json\/wp\/v2\/posts\/3416\/revisions\/3479"}],"wp:featuredmedia":[{"embeddable":true,"href":"https:\/\/agora.xtec.cat\/ceiplaromanica\/wp-json\/wp\/v2\/media\/3336"}],"wp:attachment":[{"href":"https:\/\/agora.xtec.cat\/ceiplaromanica\/wp-json\/wp\/v2\/media?parent=3416"}],"wp:term":[{"taxonomy":"category","embeddable":true,"href":"https:\/\/agora.xtec.cat\/ceiplaromanica\/wp-json\/wp\/v2\/categories?post=3416"},{"taxonomy":"post_tag","embeddable":true,"href":"https:\/\/agora.xtec.cat\/ceiplaromanica\/wp-json\/wp\/v2\/tags?post=3416"}],"curies":[{"name":"wp","href":"https:\/\/api.w.org\/{rel}","templated":true}]}}