{"id":3338,"date":"2023-02-08T14:16:16","date_gmt":"2023-02-08T13:16:16","guid":{"rendered":"https:\/\/agora.xtec.cat\/ceiplaromanica\/?p=3338"},"modified":"2023-02-08T14:16:16","modified_gmt":"2023-02-08T13:16:16","slug":"xerrades-informatives-preinscripcio-i3-i-1r-eso","status":"publish","type":"post","link":"https:\/\/agora.xtec.cat\/ceiplaromanica\/general\/xerrades-informatives-preinscripcio-i3-i-1r-eso\/","title":{"rendered":"XERRADES INFORMATIVES PREINSCRIPCI\u00d3 I3 I 1R ESO"},"content":{"rendered":"<p>Des de l&#8217;Ajuntament de Sabadell, s&#8217;ofereixen diferents xerrades per informar les fam\u00edlies del proc\u00e9s de preinscripci\u00f3 a I3 i a 1r d&#8217;ESO.<\/p>\n<p>Per a m\u00e9s informaci\u00f3 podeu consultar l\u2019enlla\u00e7 al web d\u2019educaci\u00f3 de l&#8217;Ajuntament: <a href=\"https:\/\/web.sabadell.cat\/educacio\" target=\"_blank\" rel=\"noopener\" data-saferedirecturl=\"https:\/\/www.google.com\/url?q=https:\/\/web.sabadell.cat\/educacio&amp;source=gmail&amp;ust=1675945083508000&amp;usg=AOvVaw3xIcnc9Zn3QiBAuEQ-vpql\">https:\/\/web.sabadell.cat\/<wbr \/>educacio<\/a>.<\/p>\n","protected":false},"excerpt":{"rendered":"<p>Des de l&#8217;Ajuntament de Sabadell, s&#8217;ofereixen diferents xerrades per informar les fam\u00edlies del proc\u00e9s de preinscripci\u00f3 a I3 i a 1r d&#8217;ESO.<br \/>\nPer a m\u00e9s informaci\u00f3 podeu consultar l\u2019enlla\u00e7 al web d\u2019educaci\u00f3 de l&#8217;Ajuntament: <a href=\"https:\/\/web.sabadell.cat\/educacio\" target=\"_blank\" rel=\"noopener\" data-saferedirecturl=\"https:\/\/www.google.com\/url?q=https:\/\/web.sabadell.cat\/educacio&amp;source=gmail&amp;ust=1675945083508000&amp;usg=AOvVaw3xIcnc9Zn3QiBAuEQ-vpql\">https:\/\/web.sabadell.cat\/educacio<\/a>.<\/p>\n","protected":false},"author":1,"featured_media":3339,"comment_status":"open","ping_status":"closed","sticky":false,"template":"","format":"standard","meta":{"_bbp_topic_count":0,"_bbp_reply_count":0,"_bbp_total_topic_count":0,"_bbp_total_reply_count":0,"_bbp_voice_count":0,"_bbp_anonymous_reply_count":0,"_bbp_topic_count_hidden":0,"_bbp_reply_count_hidden":0,"_bbp_forum_subforum_count":0,"footnotes":""},"categories":[15,90,1,96,4],"tags":[],"class_list":["post-3338","post","type-post","status-publish","format-standard","has-post-thumbnail","hentry","category-6e","category-escola","category-general","category-infantil-i-primaria","category-portada"],"post_mailing_queue_ids":[],"_links":{"self":[{"href":"https:\/\/agora.xtec.cat\/ceiplaromanica\/wp-json\/wp\/v2\/posts\/3338","targetHints":{"allow":["GET"]}}],"collection":[{"href":"https:\/\/agora.xtec.cat\/ceiplaromanica\/wp-json\/wp\/v2\/posts"}],"about":[{"href":"https:\/\/agora.xtec.cat\/ceiplaromanica\/wp-json\/wp\/v2\/types\/post"}],"author":[{"embeddable":true,"href":"https:\/\/agora.xtec.cat\/ceiplaromanica\/wp-json\/wp\/v2\/users\/1"}],"replies":[{"embeddable":true,"href":"https:\/\/agora.xtec.cat\/ceiplaromanica\/wp-json\/wp\/v2\/comments?post=3338"}],"version-history":[{"count":1,"href":"https:\/\/agora.xtec.cat\/ceiplaromanica\/wp-json\/wp\/v2\/posts\/3338\/revisions"}],"predecessor-version":[{"id":3340,"href":"https:\/\/agora.xtec.cat\/ceiplaromanica\/wp-json\/wp\/v2\/posts\/3338\/revisions\/3340"}],"wp:featuredmedia":[{"embeddable":true,"href":"https:\/\/agora.xtec.cat\/ceiplaromanica\/wp-json\/wp\/v2\/media\/3339"}],"wp:attachment":[{"href":"https:\/\/agora.xtec.cat\/ceiplaromanica\/wp-json\/wp\/v2\/media?parent=3338"}],"wp:term":[{"taxonomy":"category","embeddable":true,"href":"https:\/\/agora.xtec.cat\/ceiplaromanica\/wp-json\/wp\/v2\/categories?post=3338"},{"taxonomy":"post_tag","embeddable":true,"href":"https:\/\/agora.xtec.cat\/ceiplaromanica\/wp-json\/wp\/v2\/tags?post=3338"}],"curies":[{"name":"wp","href":"https:\/\/api.w.org\/{rel}","templated":true}]}}