{"id":3296,"date":"2023-02-03T08:09:06","date_gmt":"2023-02-03T07:09:06","guid":{"rendered":"https:\/\/agora.xtec.cat\/ceiplaromanica\/?p=3296"},"modified":"2023-02-03T10:24:52","modified_gmt":"2023-02-03T09:24:52","slug":"el-primer-pas-per-lescriptura","status":"publish","type":"post","link":"https:\/\/agora.xtec.cat\/ceiplaromanica\/general\/el-primer-pas-per-lescriptura\/","title":{"rendered":"EL PRIMER PAS PER L&#8217;ESCRIPTURA"},"content":{"rendered":"<p style=\"text-align: justify;\">A les aules d&#8217;I3 dediquem molt de temps a desenvolupar la psicomotricitat fina.\u00a0<span style=\"font-weight: 400;\">Aquest terme fa refer\u00e8ncia a aquells moviments del cos que s\u00f3n m\u00e9s precisos i controlats, essencials per a desembolicar-se de manera aut\u00f2noma en la vida di\u00e0ria. A m\u00e9s, s\u00f3n activitats que ens brinden un gran espai per estar tranquils i concentrats. <\/span><\/p>\n<p style=\"text-align: justify;\"><span style=\"font-weight: 400;\">Aquests moviments requereixen de destresa i habilitat, ajuden a la coordinaci\u00f3 oculomanual, enforteixen els m\u00fasculs de les mans i estimulen la pressi\u00f3 amb les mans i els dits i per tant representen el primer pas per l\u2019escriptura. <\/span><\/p>\n<table style=\"border-collapse: collapse; border-style: none; border-color: #ffffff; background-color: #ffffff; width: 100%; height: 64px;\">\n<tbody>\n<tr style=\"height: 32px;\">\n<td style=\"width: 50%; height: 32px; background-color: #ffffff; border-style: none;\" rowspan=\"2\"><a href=\"https:\/\/agora.xtec.cat\/ceiplaromanica\/wp-content\/uploads\/usu1851\/2023\/02\/photo1675166413-1.jpeg\"><img loading=\"lazy\" decoding=\"async\" class=\"alignnone size-full wp-image-3297\" src=\"https:\/\/agora.xtec.cat\/ceiplaromanica\/wp-content\/uploads\/usu1851\/2023\/02\/photo1675166413-1.jpeg\" alt=\"\" width=\"606\" height=\"866\" srcset=\"https:\/\/agora.xtec.cat\/ceiplaromanica\/wp-content\/uploads\/usu1851\/2023\/02\/photo1675166413-1.jpeg 606w, https:\/\/agora.xtec.cat\/ceiplaromanica\/wp-content\/uploads\/usu1851\/2023\/02\/photo1675166413-1-210x300.jpeg 210w\" sizes=\"auto, (max-width: 606px) 100vw, 606px\" \/><\/a><\/td>\n<td style=\"width: 50%; height: 32px; background-color: #ffffff; border-style: none;\"><a href=\"https:\/\/agora.xtec.cat\/ceiplaromanica\/wp-content\/uploads\/usu1851\/2023\/02\/photo1675166451-1.jpeg\"><img loading=\"lazy\" decoding=\"async\" class=\"alignnone size-large wp-image-3298\" src=\"https:\/\/agora.xtec.cat\/ceiplaromanica\/wp-content\/uploads\/usu1851\/2023\/02\/photo1675166451-1-1024x853.jpeg\" alt=\"\" width=\"1024\" height=\"853\" srcset=\"https:\/\/agora.xtec.cat\/ceiplaromanica\/wp-content\/uploads\/usu1851\/2023\/02\/photo1675166451-1-1024x853.jpeg 1024w, https:\/\/agora.xtec.cat\/ceiplaromanica\/wp-content\/uploads\/usu1851\/2023\/02\/photo1675166451-1-300x250.jpeg 300w, https:\/\/agora.xtec.cat\/ceiplaromanica\/wp-content\/uploads\/usu1851\/2023\/02\/photo1675166451-1-768x640.jpeg 768w, https:\/\/agora.xtec.cat\/ceiplaromanica\/wp-content\/uploads\/usu1851\/2023\/02\/photo1675166451-1.jpeg 1066w\" sizes=\"auto, (max-width: 1024px) 100vw, 1024px\" \/><\/a><\/td>\n<\/tr>\n<tr style=\"height: 32px;\">\n<td style=\"width: 50%; height: 32px; background-color: #ffffff; border-style: none;\"><a href=\"https:\/\/agora.xtec.cat\/ceiplaromanica\/wp-content\/uploads\/usu1851\/2023\/02\/photo1675166503-1.jpeg\"><img loading=\"lazy\" decoding=\"async\" class=\"alignnone size-full wp-image-3299\" src=\"https:\/\/agora.xtec.cat\/ceiplaromanica\/wp-content\/uploads\/usu1851\/2023\/02\/photo1675166503-1.jpeg\" alt=\"\" width=\"720\" height=\"700\" srcset=\"https:\/\/agora.xtec.cat\/ceiplaromanica\/wp-content\/uploads\/usu1851\/2023\/02\/photo1675166503-1.jpeg 720w, https:\/\/agora.xtec.cat\/ceiplaromanica\/wp-content\/uploads\/usu1851\/2023\/02\/photo1675166503-1-300x292.jpeg 300w\" sizes=\"auto, (max-width: 720px) 100vw, 720px\" \/><\/a><\/td>\n<\/tr>\n<\/tbody>\n<\/table>\n","protected":false},"excerpt":{"rendered":"<p>A les aules d&#8217;I3 dediquem molt de temps a desenvolupar la psicomotricitat fina.\u00a0Aquest terme fa refer\u00e8ncia a aquells moviments del cos que s\u00f3n m\u00e9s precisos i controlats, essencials per a desembolicar-se de manera aut\u00f2noma en la vida di\u00e0ria. A m\u00e9s, s\u00f3n activitats que ens brinden&hellip;  <a href=\"https:\/\/agora.xtec.cat\/ceiplaromanica\/general\/el-primer-pas-per-lescriptura\/\" title=\"Read EL PRIMER PAS PER L&#8217;ESCRIPTURA\">Llegeix m\u00e9s\u00bb<\/a><\/p>\n","protected":false},"author":1,"featured_media":3298,"comment_status":"open","ping_status":"closed","sticky":false,"template":"","format":"standard","meta":{"_bbp_topic_count":0,"_bbp_reply_count":0,"_bbp_total_topic_count":0,"_bbp_total_reply_count":0,"_bbp_voice_count":0,"_bbp_anonymous_reply_count":0,"_bbp_topic_count_hidden":0,"_bbp_reply_count_hidden":0,"_bbp_forum_subforum_count":0,"footnotes":""},"categories":[1,3,4],"tags":[],"class_list":["post-3296","post","type-post","status-publish","format-standard","has-post-thumbnail","hentry","category-general","category-i3","category-portada"],"post_mailing_queue_ids":[],"_links":{"self":[{"href":"https:\/\/agora.xtec.cat\/ceiplaromanica\/wp-json\/wp\/v2\/posts\/3296","targetHints":{"allow":["GET"]}}],"collection":[{"href":"https:\/\/agora.xtec.cat\/ceiplaromanica\/wp-json\/wp\/v2\/posts"}],"about":[{"href":"https:\/\/agora.xtec.cat\/ceiplaromanica\/wp-json\/wp\/v2\/types\/post"}],"author":[{"embeddable":true,"href":"https:\/\/agora.xtec.cat\/ceiplaromanica\/wp-json\/wp\/v2\/users\/1"}],"replies":[{"embeddable":true,"href":"https:\/\/agora.xtec.cat\/ceiplaromanica\/wp-json\/wp\/v2\/comments?post=3296"}],"version-history":[{"count":3,"href":"https:\/\/agora.xtec.cat\/ceiplaromanica\/wp-json\/wp\/v2\/posts\/3296\/revisions"}],"predecessor-version":[{"id":3333,"href":"https:\/\/agora.xtec.cat\/ceiplaromanica\/wp-json\/wp\/v2\/posts\/3296\/revisions\/3333"}],"wp:featuredmedia":[{"embeddable":true,"href":"https:\/\/agora.xtec.cat\/ceiplaromanica\/wp-json\/wp\/v2\/media\/3298"}],"wp:attachment":[{"href":"https:\/\/agora.xtec.cat\/ceiplaromanica\/wp-json\/wp\/v2\/media?parent=3296"}],"wp:term":[{"taxonomy":"category","embeddable":true,"href":"https:\/\/agora.xtec.cat\/ceiplaromanica\/wp-json\/wp\/v2\/categories?post=3296"},{"taxonomy":"post_tag","embeddable":true,"href":"https:\/\/agora.xtec.cat\/ceiplaromanica\/wp-json\/wp\/v2\/tags?post=3296"}],"curies":[{"name":"wp","href":"https:\/\/api.w.org\/{rel}","templated":true}]}}