{"id":3278,"date":"2023-01-30T14:14:20","date_gmt":"2023-01-30T13:14:20","guid":{"rendered":"https:\/\/agora.xtec.cat\/ceiplaromanica\/?p=3278"},"modified":"2023-01-30T22:12:54","modified_gmt":"2023-01-30T21:12:54","slug":"dia-escolar-de-la-no-violencia-i-la-pau","status":"publish","type":"post","link":"https:\/\/agora.xtec.cat\/ceiplaromanica\/general\/dia-escolar-de-la-no-violencia-i-la-pau\/","title":{"rendered":"DIA ESCOLAR DE LA NO VIOL\u00c8NCIA I LA PAU"},"content":{"rendered":"<p>Avui al mat\u00ed, amb motiu del Dia Escolar de la No Viol\u00e8ncia i la Pau (DENIP), tots els alumnes i equip docent de l&#8217;Escola ens hem trobat al pati per fer un acte simb\u00f2lic per la pau.<\/p>\n<p><span style=\"font-family: inherit; font-size: 1em;\">Hem reflexionat, hem escoltat i cantat una can\u00e7\u00f3, hem llegit frases relacionades amb la pau i hem apr\u00e8s com es diu pau en diferents lleng\u00fces presents a l&#8217;Escola: catal\u00e0,\u00a0 castell\u00e0, angl\u00e8s, \u00e0rab, amazic, xin\u00e8s, urd\u00fa&#8230;<\/span><\/p>\n<p>&nbsp;<\/p>\n<p>&nbsp;<\/p>\n","protected":false},"excerpt":{"rendered":"<p>Avui al mat\u00ed, amb motiu del Dia Escolar de la No Viol\u00e8ncia i la Pau (DENIP), tots els alumnes i equip docent de l&#8217;Escola ens hem trobat al pati per fer un acte simb\u00f2lic per la pau.<br \/>\nHem reflexionat, hem escoltat i cantat una can\u00e7\u00f3, hem&hellip;  <a href=\"https:\/\/agora.xtec.cat\/ceiplaromanica\/general\/dia-escolar-de-la-no-violencia-i-la-pau\/\" title=\"Read DIA ESCOLAR DE LA NO VIOL\u00c8NCIA I LA PAU\">Llegeix m\u00e9s\u00bb<\/a><\/p>\n","protected":false},"author":1,"featured_media":3286,"comment_status":"open","ping_status":"closed","sticky":false,"template":"","format":"standard","meta":{"_bbp_topic_count":0,"_bbp_reply_count":0,"_bbp_total_topic_count":0,"_bbp_total_reply_count":0,"_bbp_voice_count":0,"_bbp_anonymous_reply_count":0,"_bbp_topic_count_hidden":0,"_bbp_reply_count_hidden":0,"_bbp_forum_subforum_count":0,"footnotes":""},"categories":[90,1,96,4],"tags":[],"class_list":["post-3278","post","type-post","status-publish","format-standard","has-post-thumbnail","hentry","category-escola","category-general","category-infantil-i-primaria","category-portada"],"post_mailing_queue_ids":[],"_links":{"self":[{"href":"https:\/\/agora.xtec.cat\/ceiplaromanica\/wp-json\/wp\/v2\/posts\/3278","targetHints":{"allow":["GET"]}}],"collection":[{"href":"https:\/\/agora.xtec.cat\/ceiplaromanica\/wp-json\/wp\/v2\/posts"}],"about":[{"href":"https:\/\/agora.xtec.cat\/ceiplaromanica\/wp-json\/wp\/v2\/types\/post"}],"author":[{"embeddable":true,"href":"https:\/\/agora.xtec.cat\/ceiplaromanica\/wp-json\/wp\/v2\/users\/1"}],"replies":[{"embeddable":true,"href":"https:\/\/agora.xtec.cat\/ceiplaromanica\/wp-json\/wp\/v2\/comments?post=3278"}],"version-history":[{"count":2,"href":"https:\/\/agora.xtec.cat\/ceiplaromanica\/wp-json\/wp\/v2\/posts\/3278\/revisions"}],"predecessor-version":[{"id":3288,"href":"https:\/\/agora.xtec.cat\/ceiplaromanica\/wp-json\/wp\/v2\/posts\/3278\/revisions\/3288"}],"wp:featuredmedia":[{"embeddable":true,"href":"https:\/\/agora.xtec.cat\/ceiplaromanica\/wp-json\/wp\/v2\/media\/3286"}],"wp:attachment":[{"href":"https:\/\/agora.xtec.cat\/ceiplaromanica\/wp-json\/wp\/v2\/media?parent=3278"}],"wp:term":[{"taxonomy":"category","embeddable":true,"href":"https:\/\/agora.xtec.cat\/ceiplaromanica\/wp-json\/wp\/v2\/categories?post=3278"},{"taxonomy":"post_tag","embeddable":true,"href":"https:\/\/agora.xtec.cat\/ceiplaromanica\/wp-json\/wp\/v2\/tags?post=3278"}],"curies":[{"name":"wp","href":"https:\/\/api.w.org\/{rel}","templated":true}]}}