{"id":3183,"date":"2022-12-17T16:38:14","date_gmt":"2022-12-17T15:38:14","guid":{"rendered":"https:\/\/agora.xtec.cat\/ceiplaromanica\/?p=3183"},"modified":"2022-12-17T16:38:14","modified_gmt":"2022-12-17T15:38:14","slug":"classes-de-catala-2","status":"publish","type":"post","link":"https:\/\/agora.xtec.cat\/ceiplaromanica\/general\/classes-de-catala-2\/","title":{"rendered":"CLASSES DE CATAL\u00c0"},"content":{"rendered":"<p>Aquest divendres al mat\u00ed, algunes de les mares que han estat assistint a les classes de catal\u00e0 al llarg d&#8217;aquest primer trimestre han compartit amb els alumnes i mestres d&#8217;educaci\u00f3 infantil i de cicle inicial un poema nadalenc que han escollit elles mateixes.<\/p>\n<p>Mares, mestres i alumnes hem gaudit molt d&#8217;aquesta estona plegats!<\/p>\n","protected":false},"excerpt":{"rendered":"<p>Aquest divendres al mat\u00ed, algunes de les mares que han estat assistint a les classes de catal\u00e0 al llarg d&#8217;aquest primer trimestre han compartit amb els alumnes i mestres d&#8217;educaci\u00f3 infantil i de cicle inicial un poema nadalenc que han escollit elles mateixes.<br \/>\nMares, mestres i&hellip;  <a href=\"https:\/\/agora.xtec.cat\/ceiplaromanica\/general\/classes-de-catala-2\/\" title=\"Read CLASSES DE CATAL\u00c0\">Llegeix m\u00e9s\u00bb<\/a><\/p>\n","protected":false},"author":1,"featured_media":3184,"comment_status":"open","ping_status":"closed","sticky":false,"template":"","format":"standard","meta":{"_bbp_topic_count":0,"_bbp_reply_count":0,"_bbp_total_topic_count":0,"_bbp_total_reply_count":0,"_bbp_voice_count":0,"_bbp_anonymous_reply_count":0,"_bbp_topic_count_hidden":0,"_bbp_reply_count_hidden":0,"_bbp_forum_subforum_count":0,"footnotes":""},"categories":[90,1,96,4],"tags":[],"class_list":["post-3183","post","type-post","status-publish","format-standard","has-post-thumbnail","hentry","category-escola","category-general","category-infantil-i-primaria","category-portada"],"post_mailing_queue_ids":[],"_links":{"self":[{"href":"https:\/\/agora.xtec.cat\/ceiplaromanica\/wp-json\/wp\/v2\/posts\/3183","targetHints":{"allow":["GET"]}}],"collection":[{"href":"https:\/\/agora.xtec.cat\/ceiplaromanica\/wp-json\/wp\/v2\/posts"}],"about":[{"href":"https:\/\/agora.xtec.cat\/ceiplaromanica\/wp-json\/wp\/v2\/types\/post"}],"author":[{"embeddable":true,"href":"https:\/\/agora.xtec.cat\/ceiplaromanica\/wp-json\/wp\/v2\/users\/1"}],"replies":[{"embeddable":true,"href":"https:\/\/agora.xtec.cat\/ceiplaromanica\/wp-json\/wp\/v2\/comments?post=3183"}],"version-history":[{"count":1,"href":"https:\/\/agora.xtec.cat\/ceiplaromanica\/wp-json\/wp\/v2\/posts\/3183\/revisions"}],"predecessor-version":[{"id":3185,"href":"https:\/\/agora.xtec.cat\/ceiplaromanica\/wp-json\/wp\/v2\/posts\/3183\/revisions\/3185"}],"wp:featuredmedia":[{"embeddable":true,"href":"https:\/\/agora.xtec.cat\/ceiplaromanica\/wp-json\/wp\/v2\/media\/3184"}],"wp:attachment":[{"href":"https:\/\/agora.xtec.cat\/ceiplaromanica\/wp-json\/wp\/v2\/media?parent=3183"}],"wp:term":[{"taxonomy":"category","embeddable":true,"href":"https:\/\/agora.xtec.cat\/ceiplaromanica\/wp-json\/wp\/v2\/categories?post=3183"},{"taxonomy":"post_tag","embeddable":true,"href":"https:\/\/agora.xtec.cat\/ceiplaromanica\/wp-json\/wp\/v2\/tags?post=3183"}],"curies":[{"name":"wp","href":"https:\/\/api.w.org\/{rel}","templated":true}]}}