{"id":3033,"date":"2022-11-04T08:02:32","date_gmt":"2022-11-04T07:02:32","guid":{"rendered":"https:\/\/agora.xtec.cat\/ceiplaromanica\/?p=3033"},"modified":"2022-11-04T19:41:33","modified_gmt":"2022-11-04T18:41:33","slug":"fem-tribu","status":"publish","type":"post","link":"https:\/\/agora.xtec.cat\/ceiplaromanica\/infantil-i-primaria\/infantil\/i3\/fem-tribu\/","title":{"rendered":"FEM TRIBU"},"content":{"rendered":"<p>&nbsp;<\/p>\n<table style=\"border-collapse: collapse; width: 100%;\">\n<tbody>\n<tr>\n<td style=\"width: 50%; text-align: justify; border-color: #fcfcfc;\">\n<p style=\"text-align: justify;\"><span style=\"font-weight: 400; font-size: 16px;\" data-wp-editing=\"1\">Entre tots constru\u00efm un projecte d\u2019identitat col\u00b7lectiva on totes l<span data-wp-editing=\"1\">es persones ens sentim acollides.<\/span><\/span><\/p>\n<p><span style=\"font-family: inherit; font-size: 16px;\">Vam triar els pals com a suport perqu\u00e8 s\u00f3n un element diferent e<\/span><span style=\"font-family: inherit; font-size: 16px;\">n el camp art\u00edstic que ens donen l\u2019oportunitat de fomentar la creativitat, l\u2019observaci\u00f3 i la transformaci\u00f3 de l\u2019entorn. A m\u00e9s la incorporaci\u00f3 de la llana ens va permetre desenvolupar la motricitat fina.<\/span><\/td>\n<td style=\"width: 50%; border-color: #fcfcfc; padding-left: 40px;\"><a href=\"https:\/\/agora.xtec.cat\/ceiplaromanica\/wp-content\/uploads\/usu1851\/2022\/11\/Fem-tribu.jpg\"><img loading=\"lazy\" decoding=\"async\" class=\"alignnone size-full wp-image-3035\" src=\"https:\/\/agora.xtec.cat\/ceiplaromanica\/wp-content\/uploads\/usu1851\/2022\/11\/Fem-tribu.jpg\" alt=\"\" width=\"894\" height=\"582\" srcset=\"https:\/\/agora.xtec.cat\/ceiplaromanica\/wp-content\/uploads\/usu1851\/2022\/11\/Fem-tribu.jpg 894w, https:\/\/agora.xtec.cat\/ceiplaromanica\/wp-content\/uploads\/usu1851\/2022\/11\/Fem-tribu-300x195.jpg 300w, https:\/\/agora.xtec.cat\/ceiplaromanica\/wp-content\/uploads\/usu1851\/2022\/11\/Fem-tribu-768x500.jpg 768w\" sizes=\"auto, (max-width: 894px) 100vw, 894px\" \/><\/a><\/td>\n<\/tr>\n<\/tbody>\n<\/table>\n<p>&nbsp;<\/p>\n<table style=\"width: 100%; border-collapse: collapse; border-color: #ffffff;\">\n<tbody>\n<tr>\n<td style=\"width: 50%; border-color: #ffffff;\"><a href=\"https:\/\/agora.xtec.cat\/ceiplaromanica\/wp-content\/uploads\/usu1851\/2022\/11\/Fem-tribu-2-1.jpg\"><img loading=\"lazy\" decoding=\"async\" class=\"alignnone size-large wp-image-3036\" src=\"https:\/\/agora.xtec.cat\/ceiplaromanica\/wp-content\/uploads\/usu1851\/2022\/11\/Fem-tribu-2-1-1024x768.jpg\" alt=\"\" width=\"1024\" height=\"768\" srcset=\"https:\/\/agora.xtec.cat\/ceiplaromanica\/wp-content\/uploads\/usu1851\/2022\/11\/Fem-tribu-2-1-1024x768.jpg 1024w, https:\/\/agora.xtec.cat\/ceiplaromanica\/wp-content\/uploads\/usu1851\/2022\/11\/Fem-tribu-2-1-300x225.jpg 300w, https:\/\/agora.xtec.cat\/ceiplaromanica\/wp-content\/uploads\/usu1851\/2022\/11\/Fem-tribu-2-1-768x576.jpg 768w, https:\/\/agora.xtec.cat\/ceiplaromanica\/wp-content\/uploads\/usu1851\/2022\/11\/Fem-tribu-2-1-1536x1152.jpg 1536w, https:\/\/agora.xtec.cat\/ceiplaromanica\/wp-content\/uploads\/usu1851\/2022\/11\/Fem-tribu-2-1-2048x1536.jpg 2048w, https:\/\/agora.xtec.cat\/ceiplaromanica\/wp-content\/uploads\/usu1851\/2022\/11\/Fem-tribu-2-1-200x150.jpg 200w\" sizes=\"auto, (max-width: 1024px) 100vw, 1024px\" \/><\/a><\/td>\n<td style=\"width: 50%; border-color: #ffffff;\"><a href=\"https:\/\/agora.xtec.cat\/ceiplaromanica\/wp-content\/uploads\/usu1851\/2022\/11\/Fem-tribu-1.jpg\"><img loading=\"lazy\" decoding=\"async\" class=\"alignnone size-large wp-image-3034\" src=\"https:\/\/agora.xtec.cat\/ceiplaromanica\/wp-content\/uploads\/usu1851\/2022\/11\/Fem-tribu-1-1024x768.jpg\" alt=\"\" width=\"1024\" height=\"768\" srcset=\"https:\/\/agora.xtec.cat\/ceiplaromanica\/wp-content\/uploads\/usu1851\/2022\/11\/Fem-tribu-1-1024x768.jpg 1024w, https:\/\/agora.xtec.cat\/ceiplaromanica\/wp-content\/uploads\/usu1851\/2022\/11\/Fem-tribu-1-300x225.jpg 300w, https:\/\/agora.xtec.cat\/ceiplaromanica\/wp-content\/uploads\/usu1851\/2022\/11\/Fem-tribu-1-768x576.jpg 768w, https:\/\/agora.xtec.cat\/ceiplaromanica\/wp-content\/uploads\/usu1851\/2022\/11\/Fem-tribu-1-1536x1152.jpg 1536w, https:\/\/agora.xtec.cat\/ceiplaromanica\/wp-content\/uploads\/usu1851\/2022\/11\/Fem-tribu-1-200x150.jpg 200w, https:\/\/agora.xtec.cat\/ceiplaromanica\/wp-content\/uploads\/usu1851\/2022\/11\/Fem-tribu-1.jpg 2000w\" sizes=\"auto, (max-width: 1024px) 100vw, 1024px\" \/><\/a><\/td>\n<\/tr>\n<\/tbody>\n<\/table>\n<p>&nbsp;<\/p>\n","protected":false},"excerpt":{"rendered":"<p>&nbsp;<\/p>\n<p>Entre tots constru\u00efm un projecte d\u2019identitat col\u00b7lectiva on totes les persones ens sentim acollides.<br \/>\nVam triar els pals com a suport perqu\u00e8 s\u00f3n un element diferent en el camp art\u00edstic que ens donen l\u2019oportunitat de fomentar la creativitat, l\u2019observaci\u00f3 i la transformaci\u00f3 de l\u2019entorn. A m\u00e9s&hellip;  <a href=\"https:\/\/agora.xtec.cat\/ceiplaromanica\/infantil-i-primaria\/infantil\/i3\/fem-tribu\/\" title=\"Read FEM TRIBU\">Llegeix m\u00e9s\u00bb<\/a><\/p>\n","protected":false},"author":1,"featured_media":3035,"comment_status":"open","ping_status":"closed","sticky":false,"template":"","format":"standard","meta":{"_bbp_topic_count":0,"_bbp_reply_count":0,"_bbp_total_topic_count":0,"_bbp_total_reply_count":0,"_bbp_voice_count":0,"_bbp_anonymous_reply_count":0,"_bbp_topic_count_hidden":0,"_bbp_reply_count_hidden":0,"_bbp_forum_subforum_count":0,"footnotes":""},"categories":[3,4],"tags":[],"class_list":["post-3033","post","type-post","status-publish","format-standard","has-post-thumbnail","hentry","category-i3","category-portada"],"post_mailing_queue_ids":[],"_links":{"self":[{"href":"https:\/\/agora.xtec.cat\/ceiplaromanica\/wp-json\/wp\/v2\/posts\/3033","targetHints":{"allow":["GET"]}}],"collection":[{"href":"https:\/\/agora.xtec.cat\/ceiplaromanica\/wp-json\/wp\/v2\/posts"}],"about":[{"href":"https:\/\/agora.xtec.cat\/ceiplaromanica\/wp-json\/wp\/v2\/types\/post"}],"author":[{"embeddable":true,"href":"https:\/\/agora.xtec.cat\/ceiplaromanica\/wp-json\/wp\/v2\/users\/1"}],"replies":[{"embeddable":true,"href":"https:\/\/agora.xtec.cat\/ceiplaromanica\/wp-json\/wp\/v2\/comments?post=3033"}],"version-history":[{"count":3,"href":"https:\/\/agora.xtec.cat\/ceiplaromanica\/wp-json\/wp\/v2\/posts\/3033\/revisions"}],"predecessor-version":[{"id":3077,"href":"https:\/\/agora.xtec.cat\/ceiplaromanica\/wp-json\/wp\/v2\/posts\/3033\/revisions\/3077"}],"wp:featuredmedia":[{"embeddable":true,"href":"https:\/\/agora.xtec.cat\/ceiplaromanica\/wp-json\/wp\/v2\/media\/3035"}],"wp:attachment":[{"href":"https:\/\/agora.xtec.cat\/ceiplaromanica\/wp-json\/wp\/v2\/media?parent=3033"}],"wp:term":[{"taxonomy":"category","embeddable":true,"href":"https:\/\/agora.xtec.cat\/ceiplaromanica\/wp-json\/wp\/v2\/categories?post=3033"},{"taxonomy":"post_tag","embeddable":true,"href":"https:\/\/agora.xtec.cat\/ceiplaromanica\/wp-json\/wp\/v2\/tags?post=3033"}],"curies":[{"name":"wp","href":"https:\/\/api.w.org\/{rel}","templated":true}]}}