{"id":2957,"date":"2022-10-21T14:08:16","date_gmt":"2022-10-21T12:08:16","guid":{"rendered":"https:\/\/agora.xtec.cat\/ceiplaromanica\/?p=2957"},"modified":"2022-10-21T14:08:32","modified_gmt":"2022-10-21T12:08:32","slug":"festa-halloween-ampa-alumnes-6e","status":"publish","type":"post","link":"https:\/\/agora.xtec.cat\/ceiplaromanica\/general\/festa-halloween-ampa-alumnes-6e\/","title":{"rendered":"FESTA HALLOWEEN AMPA &#8211; FAM\u00cdLIES I ALUMNES 6\u00e8"},"content":{"rendered":"<p>El proper divendres, dia 28 d&#8217;octubre, a les 18.00h, l&#8217;AMPA i les fam\u00edlies de 6\u00e8 han organitzat una Festa de Halloween al gimn\u00e0s de l&#8217;Escola on hi haur\u00e0 m\u00fasica, concursos&#8230;<\/p>\n<p>Els tiquets de la Festa tenen un cost de 3\u20ac i inclouen el berenar i un refresc.<\/p>\n<p>Tots els beneficis s\u00f3n pel &#8220;Viatge de final de curs&#8221; dels alumnes de 6\u00e8.<\/p>\n","protected":false},"excerpt":{"rendered":"<p>El proper divendres, dia 28 d&#8217;octubre, a les 18.00h, l&#8217;AMPA i les fam\u00edlies de 6\u00e8 han organitzat una Festa de Halloween al gimn\u00e0s de l&#8217;Escola on hi haur\u00e0 m\u00fasica, concursos&#8230;<br \/>\nEls tiquets de la Festa tenen un cost de 3\u20ac i inclouen el berenar i un&hellip;  <a href=\"https:\/\/agora.xtec.cat\/ceiplaromanica\/general\/festa-halloween-ampa-alumnes-6e\/\" title=\"Read FESTA HALLOWEEN AMPA &#8211; FAM\u00cdLIES I ALUMNES 6\u00e8\">Llegeix m\u00e9s\u00bb<\/a><\/p>\n","protected":false},"author":1,"featured_media":2959,"comment_status":"open","ping_status":"closed","sticky":false,"template":"","format":"standard","meta":{"_bbp_topic_count":0,"_bbp_reply_count":0,"_bbp_total_topic_count":0,"_bbp_total_reply_count":0,"_bbp_voice_count":0,"_bbp_anonymous_reply_count":0,"_bbp_topic_count_hidden":0,"_bbp_reply_count_hidden":0,"_bbp_forum_subforum_count":0,"footnotes":""},"categories":[90,1,4,5],"tags":[],"class_list":["post-2957","post","type-post","status-publish","format-standard","has-post-thumbnail","hentry","category-escola","category-general","category-portada","category-primaria"],"post_mailing_queue_ids":[],"_links":{"self":[{"href":"https:\/\/agora.xtec.cat\/ceiplaromanica\/wp-json\/wp\/v2\/posts\/2957","targetHints":{"allow":["GET"]}}],"collection":[{"href":"https:\/\/agora.xtec.cat\/ceiplaromanica\/wp-json\/wp\/v2\/posts"}],"about":[{"href":"https:\/\/agora.xtec.cat\/ceiplaromanica\/wp-json\/wp\/v2\/types\/post"}],"author":[{"embeddable":true,"href":"https:\/\/agora.xtec.cat\/ceiplaromanica\/wp-json\/wp\/v2\/users\/1"}],"replies":[{"embeddable":true,"href":"https:\/\/agora.xtec.cat\/ceiplaromanica\/wp-json\/wp\/v2\/comments?post=2957"}],"version-history":[{"count":2,"href":"https:\/\/agora.xtec.cat\/ceiplaromanica\/wp-json\/wp\/v2\/posts\/2957\/revisions"}],"predecessor-version":[{"id":2961,"href":"https:\/\/agora.xtec.cat\/ceiplaromanica\/wp-json\/wp\/v2\/posts\/2957\/revisions\/2961"}],"wp:featuredmedia":[{"embeddable":true,"href":"https:\/\/agora.xtec.cat\/ceiplaromanica\/wp-json\/wp\/v2\/media\/2959"}],"wp:attachment":[{"href":"https:\/\/agora.xtec.cat\/ceiplaromanica\/wp-json\/wp\/v2\/media?parent=2957"}],"wp:term":[{"taxonomy":"category","embeddable":true,"href":"https:\/\/agora.xtec.cat\/ceiplaromanica\/wp-json\/wp\/v2\/categories?post=2957"},{"taxonomy":"post_tag","embeddable":true,"href":"https:\/\/agora.xtec.cat\/ceiplaromanica\/wp-json\/wp\/v2\/tags?post=2957"}],"curies":[{"name":"wp","href":"https:\/\/api.w.org\/{rel}","templated":true}]}}