{"id":2852,"date":"2022-09-24T09:55:16","date_gmt":"2022-09-24T07:55:16","guid":{"rendered":"https:\/\/agora.xtec.cat\/ceiplaromanica\/?p=2852"},"modified":"2022-10-10T23:23:42","modified_gmt":"2022-10-10T21:23:42","slug":"reunions-de-families","status":"publish","type":"post","link":"https:\/\/agora.xtec.cat\/ceiplaromanica\/general\/reunions-de-families\/","title":{"rendered":"REUNIONS DE FAM\u00cdLIES"},"content":{"rendered":"<p>Una\u00a0<strong>bona relaci\u00f3\u00a0<\/strong><strong>fam\u00edlia-escola<\/strong>\u00a0\u00e9s molt important per avan\u00e7ar plegats durant tot el proc\u00e9s d&#8217;ensenyament-aprenentatge dels alumnes.<\/p>\n<p>Per aquest motiu, us demanem que assistiu a la &#8220;<strong>Reuni\u00f3 de fam\u00edlies<\/strong>&#8220;:<\/p>\n<ul>\n<li>Per poder-nos <strong>con\u00e8ixer.\u00a0<\/strong><\/li>\n<li>Per compartir amb tots vosaltres els <strong>aspectes m\u00e9s importants a nivell metodol\u00f2gic i organitzatiu<\/strong> d&#8217;aquest curs.<\/li>\n<li>Per resoldre els <strong>dubtes<\/strong>\u00a0que pugueu tenir.<\/li>\n<\/ul>\n<p>El\u00a0<strong>calendari<\/strong>\u00a0d&#8217;aquestes reunions ser\u00e0 el seg\u00fcent:<\/p>\n<table width=\"26%\">\n<tbody>\n<tr>\n<td colspan=\"1\" rowspan=\"1\" width=\"18%\">P4<\/td>\n<td colspan=\"1\" rowspan=\"1\" width=\"86%\">6.10.22 a les 15.15h<\/td>\n<\/tr>\n<tr>\n<td colspan=\"1\" rowspan=\"1\" width=\"18%\">P5<\/td>\n<td colspan=\"1\" rowspan=\"1\" width=\"86%\">5.10.22 a les 15.15h<\/td>\n<\/tr>\n<tr>\n<td colspan=\"1\" rowspan=\"1\" width=\"18%\">1r<\/td>\n<td colspan=\"1\" rowspan=\"1\" width=\"86%\">28.9.22 a les 15.15h<\/td>\n<\/tr>\n<tr>\n<td colspan=\"1\" rowspan=\"1\" width=\"18%\">2n<\/td>\n<td colspan=\"1\" rowspan=\"1\" width=\"86%\">10.10.22 a les 15.15h<\/td>\n<\/tr>\n<tr>\n<td colspan=\"1\" rowspan=\"1\" width=\"18%\">3r<\/td>\n<td colspan=\"1\" rowspan=\"1\" width=\"86%\">3.10.22 a les 15.15h<\/td>\n<\/tr>\n<tr>\n<td colspan=\"1\" rowspan=\"1\" width=\"18%\">4t<\/td>\n<td colspan=\"1\" rowspan=\"1\" width=\"86%\">4.10.22 a les 15.15h<\/td>\n<\/tr>\n<tr>\n<td colspan=\"1\" rowspan=\"1\" width=\"18%\">5\u00e8<\/td>\n<td colspan=\"1\" rowspan=\"1\" width=\"86%\">11.10.22 a les 15.15h<\/td>\n<\/tr>\n<tr>\n<td colspan=\"1\" rowspan=\"1\" width=\"18%\">6\u00e8<\/td>\n<td colspan=\"1\" rowspan=\"1\" width=\"86%\">13.10.22 a les 15.15h<\/td>\n<\/tr>\n<\/tbody>\n<\/table>\n<p>Us avancem que hi haur\u00e0 alguna\u00a0<strong>sorpresa<\/strong>\u00a0&#8230;<\/p>\n<p>Us hi esperem!<\/p>\n","protected":false},"excerpt":{"rendered":"<p>Una\u00a0bona relaci\u00f3\u00a0fam\u00edlia-escola\u00a0\u00e9s molt important per avan\u00e7ar plegats durant tot el proc\u00e9s d&#8217;ensenyament-aprenentatge dels alumnes.<\/p>\n<p>Per aquest motiu, us demanem que assistiu a la &#8221;\u00a0Reuni\u00f3 de fam\u00edlies\u00a0&#8220;&hellip;  <a href=\"https:\/\/agora.xtec.cat\/ceiplaromanica\/general\/reunions-de-families\/\" title=\"Read REUNIONS DE FAM\u00cdLIES\">Llegeix m\u00e9s\u00bb<\/a><\/p>\n","protected":false},"author":1,"featured_media":2853,"comment_status":"open","ping_status":"closed","sticky":false,"template":"","format":"standard","meta":{"_bbp_topic_count":0,"_bbp_reply_count":0,"_bbp_total_topic_count":0,"_bbp_total_reply_count":0,"_bbp_voice_count":0,"_bbp_anonymous_reply_count":0,"_bbp_topic_count_hidden":0,"_bbp_reply_count_hidden":0,"_bbp_forum_subforum_count":0,"footnotes":""},"categories":[1,4],"tags":[],"class_list":["post-2852","post","type-post","status-publish","format-standard","has-post-thumbnail","hentry","category-general","category-portada"],"post_mailing_queue_ids":[],"_links":{"self":[{"href":"https:\/\/agora.xtec.cat\/ceiplaromanica\/wp-json\/wp\/v2\/posts\/2852","targetHints":{"allow":["GET"]}}],"collection":[{"href":"https:\/\/agora.xtec.cat\/ceiplaromanica\/wp-json\/wp\/v2\/posts"}],"about":[{"href":"https:\/\/agora.xtec.cat\/ceiplaromanica\/wp-json\/wp\/v2\/types\/post"}],"author":[{"embeddable":true,"href":"https:\/\/agora.xtec.cat\/ceiplaromanica\/wp-json\/wp\/v2\/users\/1"}],"replies":[{"embeddable":true,"href":"https:\/\/agora.xtec.cat\/ceiplaromanica\/wp-json\/wp\/v2\/comments?post=2852"}],"version-history":[{"count":4,"href":"https:\/\/agora.xtec.cat\/ceiplaromanica\/wp-json\/wp\/v2\/posts\/2852\/revisions"}],"predecessor-version":[{"id":2937,"href":"https:\/\/agora.xtec.cat\/ceiplaromanica\/wp-json\/wp\/v2\/posts\/2852\/revisions\/2937"}],"wp:featuredmedia":[{"embeddable":true,"href":"https:\/\/agora.xtec.cat\/ceiplaromanica\/wp-json\/wp\/v2\/media\/2853"}],"wp:attachment":[{"href":"https:\/\/agora.xtec.cat\/ceiplaromanica\/wp-json\/wp\/v2\/media?parent=2852"}],"wp:term":[{"taxonomy":"category","embeddable":true,"href":"https:\/\/agora.xtec.cat\/ceiplaromanica\/wp-json\/wp\/v2\/categories?post=2852"},{"taxonomy":"post_tag","embeddable":true,"href":"https:\/\/agora.xtec.cat\/ceiplaromanica\/wp-json\/wp\/v2\/tags?post=2852"}],"curies":[{"name":"wp","href":"https:\/\/api.w.org\/{rel}","templated":true}]}}