{"id":2847,"date":"2022-09-24T09:49:24","date_gmt":"2022-09-24T07:49:24","guid":{"rendered":"https:\/\/agora.xtec.cat\/ceiplaromanica\/?p=2847"},"modified":"2022-10-10T23:26:07","modified_gmt":"2022-10-10T21:26:07","slug":"classes-de-catala","status":"publish","type":"post","link":"https:\/\/agora.xtec.cat\/ceiplaromanica\/general\/classes-de-catala\/","title":{"rendered":"CLASSES DE CATAL\u00c0"},"content":{"rendered":"<p>\u00c9s molt important que hi hagi una bona <strong>comunicaci\u00f3\u00a0<\/strong><strong>fam\u00edlia-Escola<\/strong>\u00a0i, per aconseguir-ho, un dels instruments de qu\u00e8 disposem \u00e9s la\u00a0<strong>llengua catalana<\/strong>.<\/p>\n<p>Voleu\u00a0<strong>aprendre i\/o millorar el vostre catal\u00e0<\/strong> per ajudar els vostres fills a l&#8217;Escola, per anar a comprar, per anar al metge&#8230;?<\/p>\n<p>Us animem a venir a les\u00a0<strong>CLASSES DE CATAL\u00c0<\/strong>\u00a0que farem a l&#8217;Escola tots els\u00a0<strong>divendres de 9.00ha 11.00h<\/strong>\u00a0des del dia\u00a0<strong>7 d&#8217;octubre fins el dia 16 de desembre<\/strong>.<\/p>\n<p>Podeu apuntar-vos-hi venint o\u00a0 b\u00e9 telefonant a l&#8217;Escola.<\/p>\n<p>&nbsp;<\/p>\n","protected":false},"excerpt":{"rendered":"<p>Oferim classes de catal\u00e0 per a les fam\u00edlies de l&#8217;escola.<\/p>\n<p>Us animem a venir els divendres de 9.00h a 11.00h.&hellip;  <a href=\"https:\/\/agora.xtec.cat\/ceiplaromanica\/general\/classes-de-catala\/\" title=\"Read CLASSES DE CATAL\u00c0\">Llegeix m\u00e9s\u00bb<\/a><\/p>\n","protected":false},"author":1,"featured_media":2849,"comment_status":"open","ping_status":"closed","sticky":false,"template":"","format":"standard","meta":{"_bbp_topic_count":0,"_bbp_reply_count":0,"_bbp_total_topic_count":0,"_bbp_total_reply_count":0,"_bbp_voice_count":0,"_bbp_anonymous_reply_count":0,"_bbp_topic_count_hidden":0,"_bbp_reply_count_hidden":0,"_bbp_forum_subforum_count":0,"footnotes":""},"categories":[1,4],"tags":[],"class_list":["post-2847","post","type-post","status-publish","format-standard","has-post-thumbnail","hentry","category-general","category-portada"],"post_mailing_queue_ids":[],"_links":{"self":[{"href":"https:\/\/agora.xtec.cat\/ceiplaromanica\/wp-json\/wp\/v2\/posts\/2847","targetHints":{"allow":["GET"]}}],"collection":[{"href":"https:\/\/agora.xtec.cat\/ceiplaromanica\/wp-json\/wp\/v2\/posts"}],"about":[{"href":"https:\/\/agora.xtec.cat\/ceiplaromanica\/wp-json\/wp\/v2\/types\/post"}],"author":[{"embeddable":true,"href":"https:\/\/agora.xtec.cat\/ceiplaromanica\/wp-json\/wp\/v2\/users\/1"}],"replies":[{"embeddable":true,"href":"https:\/\/agora.xtec.cat\/ceiplaromanica\/wp-json\/wp\/v2\/comments?post=2847"}],"version-history":[{"count":3,"href":"https:\/\/agora.xtec.cat\/ceiplaromanica\/wp-json\/wp\/v2\/posts\/2847\/revisions"}],"predecessor-version":[{"id":2938,"href":"https:\/\/agora.xtec.cat\/ceiplaromanica\/wp-json\/wp\/v2\/posts\/2847\/revisions\/2938"}],"wp:featuredmedia":[{"embeddable":true,"href":"https:\/\/agora.xtec.cat\/ceiplaromanica\/wp-json\/wp\/v2\/media\/2849"}],"wp:attachment":[{"href":"https:\/\/agora.xtec.cat\/ceiplaromanica\/wp-json\/wp\/v2\/media?parent=2847"}],"wp:term":[{"taxonomy":"category","embeddable":true,"href":"https:\/\/agora.xtec.cat\/ceiplaromanica\/wp-json\/wp\/v2\/categories?post=2847"},{"taxonomy":"post_tag","embeddable":true,"href":"https:\/\/agora.xtec.cat\/ceiplaromanica\/wp-json\/wp\/v2\/tags?post=2847"}],"curies":[{"name":"wp","href":"https:\/\/api.w.org\/{rel}","templated":true}]}}