{"id":2104,"date":"2020-06-30T19:01:18","date_gmt":"2020-06-30T17:01:18","guid":{"rendered":"http:\/\/agora.xtec.cat\/ceiplaromanica\/?p=2104"},"modified":"2020-06-30T19:39:09","modified_gmt":"2020-06-30T17:39:09","slug":"plataforma-eix","status":"publish","type":"post","link":"https:\/\/agora.xtec.cat\/ceiplaromanica\/portada\/plataforma-eix\/","title":{"rendered":"PLATAFORMA EIX"},"content":{"rendered":"<h5>Benvolgudes fam\u00edlies!<\/h5>\n<h5>En aquests moments ja est\u00e0 funcionant la plataforma EIX com entorn virtual d&#8217;aprenentatge. Per tal d&#8217;accedir amb credencials, cal tenir un correu electr\u00f2nic per fam\u00edlia. En cas que no el tingueu, envieu un correu electr\u00f2nic a l&#8217;escola amb el nom i cognoms dels vostres fills\/es.<\/h5>\n<h5>Us arribar\u00e0 un correu electr\u00f2nic a la direcci\u00f3 enviada amb l&#8217;usuari i contrasenya per accedir al portal<\/h5>\n<p style=\"font-family: 'Helvetica Neue', Helvetica, Helvetica, Arial, sans-serif; font-size: 16px;\"><img loading=\"lazy\" decoding=\"async\" class=\"wp-image-2028 alignright\" src=\"https:\/\/agora.xtec.cat\/ceiplaromanica\/wp-content\/uploads\/usu1851\/2020\/04\/descarga.png\" alt=\"\" width=\"150\" height=\"100\" \/><\/p>\n<h5>educatiu.<\/h5>\n<p><span style=\"font-size: 1.125em; font-weight: bold;\">La plataforma per accedir \u00e9s:<\/span><\/p>\n<h5><a href=\"https:\/\/educaciodigital.cat\/ceiplaromanica\/moodle\/\">https:\/\/educaciodigital.cat\/ceiplaromanica\/moodle\/<\/a><\/h5>\n<h6><\/h6>\n<h6 class=\"gmail_default\">Si teniu cap dubte podeu adre\u00e7ar-vos al correu de l&#8217;escola\u00a0<a href=\"mailto:a8024042@xtec.cat\" target=\"_blank\" rel=\"noopener noreferrer\">a8024042@xtec.cat<\/a>\u00a0o al tel. 638664179 de 9:00h a 17:00h<\/h6>\n<h6 class=\"gmail_default\"><\/h6>\n<h6 class=\"gmail_default\">Gr\u00e0cies per la vostra col\u00b7laboraci\u00f3.<\/h6>\n","protected":false},"excerpt":{"rendered":"<p>Benvolgudes fam\u00edlies!<br \/>\nEn aquests moments ja est\u00e0 funcionant la plataforma EIX com entorn virtual d&#8217;aprenentatge. Per tal d&#8217;accedir amb credencials, cal tenir un correu electr\u00f2nic per fam\u00edlia. En cas que no el tingueu, envieu un correu electr\u00f2nic a l&#8217;escola amb el nom i cognoms dels vostres&hellip;  <a href=\"https:\/\/agora.xtec.cat\/ceiplaromanica\/portada\/plataforma-eix\/\" title=\"Read PLATAFORMA EIX\">Llegeix m\u00e9s\u00bb<\/a><\/p>\n","protected":false},"author":1,"featured_media":0,"comment_status":"open","ping_status":"closed","sticky":false,"template":"","format":"standard","meta":{"_bbp_topic_count":0,"_bbp_reply_count":0,"_bbp_total_topic_count":0,"_bbp_total_reply_count":0,"_bbp_voice_count":0,"_bbp_anonymous_reply_count":0,"_bbp_topic_count_hidden":0,"_bbp_reply_count_hidden":0,"_bbp_forum_subforum_count":0,"footnotes":""},"categories":[4],"tags":[],"class_list":["post-2104","post","type-post","status-publish","format-standard","hentry","category-portada"],"post_mailing_queue_ids":[],"_links":{"self":[{"href":"https:\/\/agora.xtec.cat\/ceiplaromanica\/wp-json\/wp\/v2\/posts\/2104","targetHints":{"allow":["GET"]}}],"collection":[{"href":"https:\/\/agora.xtec.cat\/ceiplaromanica\/wp-json\/wp\/v2\/posts"}],"about":[{"href":"https:\/\/agora.xtec.cat\/ceiplaromanica\/wp-json\/wp\/v2\/types\/post"}],"author":[{"embeddable":true,"href":"https:\/\/agora.xtec.cat\/ceiplaromanica\/wp-json\/wp\/v2\/users\/1"}],"replies":[{"embeddable":true,"href":"https:\/\/agora.xtec.cat\/ceiplaromanica\/wp-json\/wp\/v2\/comments?post=2104"}],"version-history":[{"count":1,"href":"https:\/\/agora.xtec.cat\/ceiplaromanica\/wp-json\/wp\/v2\/posts\/2104\/revisions"}],"predecessor-version":[{"id":2105,"href":"https:\/\/agora.xtec.cat\/ceiplaromanica\/wp-json\/wp\/v2\/posts\/2104\/revisions\/2105"}],"wp:attachment":[{"href":"https:\/\/agora.xtec.cat\/ceiplaromanica\/wp-json\/wp\/v2\/media?parent=2104"}],"wp:term":[{"taxonomy":"category","embeddable":true,"href":"https:\/\/agora.xtec.cat\/ceiplaromanica\/wp-json\/wp\/v2\/categories?post=2104"},{"taxonomy":"post_tag","embeddable":true,"href":"https:\/\/agora.xtec.cat\/ceiplaromanica\/wp-json\/wp\/v2\/tags?post=2104"}],"curies":[{"name":"wp","href":"https:\/\/api.w.org\/{rel}","templated":true}]}}