{"id":1962,"date":"2020-03-03T12:58:30","date_gmt":"2020-03-03T11:58:30","guid":{"rendered":"http:\/\/agora.xtec.cat\/ceiplaromanica\/?p=1962"},"modified":"2020-03-03T15:22:05","modified_gmt":"2020-03-03T14:22:05","slug":"sortida-a-subirats-de-primer","status":"publish","type":"post","link":"https:\/\/agora.xtec.cat\/ceiplaromanica\/infantil-i-primaria\/primaria\/1r\/sortida-a-subirats-de-primer\/","title":{"rendered":"SORTIDA A SUBIRATS DE PRIMER"},"content":{"rendered":"<p>El 5 de novembre de 2019 els nens i les nenes\u00a0 de cicle inicial de l\u2019escola La Rom\u00e0nica vam anar a Subirats per a veure els rastres del bosc i per realitzar un taller de cer\u00e0mica en el que vam fer una figura que ens vam poder endur a casa. Ens ho vam passar molt b\u00e9!<\/p>\n<p>Mireu les fotos de primer!!<\/p>\n\n","protected":false},"excerpt":{"rendered":"<p>El 5 de novembre de 2019 els nens i les nenes\u00a0 de cicle inicial de l\u2019escola La Rom\u00e0nica vam anar a Subirats per a veure els rastres del bosc i per realitzar un taller de cer\u00e0mica en el que vam fer una figura que ens&hellip;  <a href=\"https:\/\/agora.xtec.cat\/ceiplaromanica\/infantil-i-primaria\/primaria\/1r\/sortida-a-subirats-de-primer\/\" title=\"Read SORTIDA A SUBIRATS DE PRIMER\">Llegeix m\u00e9s\u00bb<\/a><\/p>\n","protected":false},"author":1,"featured_media":1964,"comment_status":"open","ping_status":"closed","sticky":false,"template":"","format":"standard","meta":{"_bbp_topic_count":0,"_bbp_reply_count":0,"_bbp_total_topic_count":0,"_bbp_total_reply_count":0,"_bbp_voice_count":0,"_bbp_anonymous_reply_count":0,"_bbp_topic_count_hidden":0,"_bbp_reply_count_hidden":0,"_bbp_forum_subforum_count":0,"footnotes":""},"categories":[10],"tags":[16],"class_list":["post-1962","post","type-post","status-publish","format-standard","has-post-thumbnail","hentry","category-1r","tag-sortides"],"post_mailing_queue_ids":[],"_links":{"self":[{"href":"https:\/\/agora.xtec.cat\/ceiplaromanica\/wp-json\/wp\/v2\/posts\/1962","targetHints":{"allow":["GET"]}}],"collection":[{"href":"https:\/\/agora.xtec.cat\/ceiplaromanica\/wp-json\/wp\/v2\/posts"}],"about":[{"href":"https:\/\/agora.xtec.cat\/ceiplaromanica\/wp-json\/wp\/v2\/types\/post"}],"author":[{"embeddable":true,"href":"https:\/\/agora.xtec.cat\/ceiplaromanica\/wp-json\/wp\/v2\/users\/1"}],"replies":[{"embeddable":true,"href":"https:\/\/agora.xtec.cat\/ceiplaromanica\/wp-json\/wp\/v2\/comments?post=1962"}],"version-history":[{"count":3,"href":"https:\/\/agora.xtec.cat\/ceiplaromanica\/wp-json\/wp\/v2\/posts\/1962\/revisions"}],"predecessor-version":[{"id":1976,"href":"https:\/\/agora.xtec.cat\/ceiplaromanica\/wp-json\/wp\/v2\/posts\/1962\/revisions\/1976"}],"wp:featuredmedia":[{"embeddable":true,"href":"https:\/\/agora.xtec.cat\/ceiplaromanica\/wp-json\/wp\/v2\/media\/1964"}],"wp:attachment":[{"href":"https:\/\/agora.xtec.cat\/ceiplaromanica\/wp-json\/wp\/v2\/media?parent=1962"}],"wp:term":[{"taxonomy":"category","embeddable":true,"href":"https:\/\/agora.xtec.cat\/ceiplaromanica\/wp-json\/wp\/v2\/categories?post=1962"},{"taxonomy":"post_tag","embeddable":true,"href":"https:\/\/agora.xtec.cat\/ceiplaromanica\/wp-json\/wp\/v2\/tags?post=1962"}],"curies":[{"name":"wp","href":"https:\/\/api.w.org\/{rel}","templated":true}]}}