{"id":1740,"date":"2020-02-07T15:26:59","date_gmt":"2020-02-07T14:26:59","guid":{"rendered":"http:\/\/agora.xtec.cat\/ceiplaromanica\/?p=1740"},"modified":"2020-02-07T15:32:55","modified_gmt":"2020-02-07T14:32:55","slug":"dia-de-la-no-violencia","status":"publish","type":"post","link":"https:\/\/agora.xtec.cat\/ceiplaromanica\/infantil-i-primaria\/primaria\/6e\/dia-de-la-no-violencia\/","title":{"rendered":"Dia de la no viol\u00e8ncia"},"content":{"rendered":"<p>Els alumnes de l\u2019escola La Rom\u00e0nica han celebrat tots junts el dia mundial de la no-viol\u00e8ncia.<\/p>\n<p>En finalitzar el pati, uns alumnes de sis\u00e8 han llegit per tota la comunitat educativa un preci\u00f3s poema de Joana Raspall.<\/p>\n<p>Dies abans, en les tutories s\u2019ha treballat aquest concepte i la import\u00e0ncia que t\u00e9 la pau i la no viol\u00e8ncia en tots els \u00e0mbits de la societat.<\/p>\n<p>Aqu\u00ed us deixem un parell de fotos del moment de la lectura. I una c\u00f2pia del poema.<\/p>\n<p><a href=\"https:\/\/agora.xtec.cat\/ceiplaromanica\/wp-content\/uploads\/usu1851\/2020\/02\/1.jpg\"><img loading=\"lazy\" decoding=\"async\" class=\"alignnone wp-image-1741\" src=\"https:\/\/agora.xtec.cat\/ceiplaromanica\/wp-content\/uploads\/usu1851\/2020\/02\/1.jpg\" alt=\"\" width=\"281\" height=\"375\" srcset=\"https:\/\/agora.xtec.cat\/ceiplaromanica\/wp-content\/uploads\/usu1851\/2020\/02\/1.jpg 510w, https:\/\/agora.xtec.cat\/ceiplaromanica\/wp-content\/uploads\/usu1851\/2020\/02\/1-225x300.jpg 225w\" sizes=\"auto, (max-width: 281px) 100vw, 281px\" \/><\/a> \u00a0 \u00a0 \u00a0 \u00a0 \u00a0 \u00a0 \u00a0 \u00a0 \u00a0 \u00a0 \u00a0 \u00a0 \u00a0 \u00a0 \u00a0 \u00a0 \u00a0 \u00a0 \u00a0 \u00a0 <a href=\"https:\/\/agora.xtec.cat\/ceiplaromanica\/wp-content\/uploads\/usu1851\/2020\/02\/2.jpg\"><img loading=\"lazy\" decoding=\"async\" class=\"wp-image-1742 alignright\" src=\"https:\/\/agora.xtec.cat\/ceiplaromanica\/wp-content\/uploads\/usu1851\/2020\/02\/2.jpg\" alt=\"\" width=\"280\" height=\"374\" srcset=\"https:\/\/agora.xtec.cat\/ceiplaromanica\/wp-content\/uploads\/usu1851\/2020\/02\/2.jpg 509w, https:\/\/agora.xtec.cat\/ceiplaromanica\/wp-content\/uploads\/usu1851\/2020\/02\/2-224x300.jpg 224w\" sizes=\"auto, (max-width: 280px) 100vw, 280px\" \/><\/a><\/p>\n<p style=\"text-align: center;\"><strong>SI EL M\u00d3N FOS\u2026<\/strong><br \/>\nSi el m\u00f3n fos escrit en llapis,<br \/>\npodria esborrar la lletra<br \/>\nque vol ferir;<br \/>\npodria esborrar mentides<br \/>\nque no cal dir;<br \/>\nn\u2019esborraria l\u2019enveja<br \/>\nque porta mals;<br \/>\nn\u2019esborraria grandeses<br \/>\nde m\u00e8rit fals\u2026<br \/>\nPer\u00f2 \u00e9s escrit amb tinta<br \/>\nde mal color:<br \/>\ndel dolor brut de la guerra<br \/>\ni del dolor.<br \/>\nQui voldr\u00e0 escriure un nou m\u00f3n m\u00e9s just i net?<br \/>\nPotser que tu i jo ho prov\u00e9ssim,<br \/>\nben valentes, lletra per lletra,<br \/>\ndes del nostre raconer\u2026<br \/>\n<em><strong>Joana Raspall<\/strong><\/em><\/p>\n<p>&nbsp;<\/p>\n<p>&nbsp;<\/p>\n","protected":false},"excerpt":{"rendered":"<p>Els alumnes de l\u2019escola La Rom\u00e0nica han celebrat tots junts el dia mundial de la no-viol\u00e8ncia.<br \/>\nEn finalitzar el pati, uns alumnes de sis\u00e8 han llegit per tota la comunitat educativa un preci\u00f3s poema de Joana Raspall.<br \/>\nDies abans, en les tutories s\u2019ha treballat aquest concepte i&hellip;  <a href=\"https:\/\/agora.xtec.cat\/ceiplaromanica\/infantil-i-primaria\/primaria\/6e\/dia-de-la-no-violencia\/\" title=\"Read Dia de la no viol\u00e8ncia\">Llegeix m\u00e9s\u00bb<\/a><\/p>\n","protected":false},"author":1,"featured_media":1744,"comment_status":"open","ping_status":"closed","sticky":false,"template":"","format":"standard","meta":{"_bbp_topic_count":0,"_bbp_reply_count":0,"_bbp_total_topic_count":0,"_bbp_total_reply_count":0,"_bbp_voice_count":0,"_bbp_anonymous_reply_count":0,"_bbp_topic_count_hidden":0,"_bbp_reply_count_hidden":0,"_bbp_forum_subforum_count":0,"footnotes":""},"categories":[15],"tags":[],"class_list":["post-1740","post","type-post","status-publish","format-standard","has-post-thumbnail","hentry","category-6e"],"post_mailing_queue_ids":[],"_links":{"self":[{"href":"https:\/\/agora.xtec.cat\/ceiplaromanica\/wp-json\/wp\/v2\/posts\/1740","targetHints":{"allow":["GET"]}}],"collection":[{"href":"https:\/\/agora.xtec.cat\/ceiplaromanica\/wp-json\/wp\/v2\/posts"}],"about":[{"href":"https:\/\/agora.xtec.cat\/ceiplaromanica\/wp-json\/wp\/v2\/types\/post"}],"author":[{"embeddable":true,"href":"https:\/\/agora.xtec.cat\/ceiplaromanica\/wp-json\/wp\/v2\/users\/1"}],"replies":[{"embeddable":true,"href":"https:\/\/agora.xtec.cat\/ceiplaromanica\/wp-json\/wp\/v2\/comments?post=1740"}],"version-history":[{"count":1,"href":"https:\/\/agora.xtec.cat\/ceiplaromanica\/wp-json\/wp\/v2\/posts\/1740\/revisions"}],"predecessor-version":[{"id":1743,"href":"https:\/\/agora.xtec.cat\/ceiplaromanica\/wp-json\/wp\/v2\/posts\/1740\/revisions\/1743"}],"wp:featuredmedia":[{"embeddable":true,"href":"https:\/\/agora.xtec.cat\/ceiplaromanica\/wp-json\/wp\/v2\/media\/1744"}],"wp:attachment":[{"href":"https:\/\/agora.xtec.cat\/ceiplaromanica\/wp-json\/wp\/v2\/media?parent=1740"}],"wp:term":[{"taxonomy":"category","embeddable":true,"href":"https:\/\/agora.xtec.cat\/ceiplaromanica\/wp-json\/wp\/v2\/categories?post=1740"},{"taxonomy":"post_tag","embeddable":true,"href":"https:\/\/agora.xtec.cat\/ceiplaromanica\/wp-json\/wp\/v2\/tags?post=1740"}],"curies":[{"name":"wp","href":"https:\/\/api.w.org\/{rel}","templated":true}]}}